{"id":9912,"date":"2020-11-22T12:00:57","date_gmt":"2020-11-22T11:00:57","guid":{"rendered":"https:\/\/ubfheidelberg.org\/?p=9912"},"modified":"2022-11-18T12:19:15","modified_gmt":"2022-11-18T11:19:15","slug":"fragebogen-1-mose-271-2822","status":"publish","type":"post","link":"https:\/\/ubfheidelberg.org\/Wordpress\/fragebogen-1-mose-271-2822\/","title":{"rendered":"Fragebogen: 1.Mose 27,1 &#8211; 28,22"},"content":{"rendered":"<p><a href=\"https:\/\/ubfheidelberg.org\/Wordpress\/wp-content\/uploads\/2020\/11\/2020Gen-19_2701-2822.doc\"><strong>Download<\/strong><\/a><\/p>\n<h2 style=\"text-align: center;\">Gott begegnet Jakob<\/h2>\n<h3 style=\"text-align: center;\">\u201eUnd Jakob tat ein Gel\u00fcbde und sprach: Wird Gott mit mir sein und mich beh\u00fcten auf dem Wege, den ich reise, und mir Brot zu essen geben<br \/>\nund Kleider anzuziehen und mich mit Frieden wieder heim zu meinem Vater bringen, so soll der HERR mein Gott sein.\u201c<\/h3>\n<p style=\"text-align: center;\">1.Mose 28,20.21<\/p>\n<p>&nbsp;<\/p>\n<ol>\n<li>Was beabsichtigte Isaak zu tun und warum (1-4)? Was war Rebekkas Gegenplan (5-10)? Wie reagierte Jakob (11-17)?<\/li>\n<li>Welchen Segen gab Isaak Jakob (27-29)? Was sagte Isaak zu Esau, als der hereinkam (32.33)? Welchen Segen gab Isaak ihm, als er seinen Vater bat? Was beschloss Esau zu tun (41)?<\/li>\n<li>Warum entschied sich Rebekka, Jakob wegzuschicken? Wie musste sie wegen dem, was sie getan hatte, leiden? Wie gebrauchte Gott aber ihr Handeln, um seinen Willen zu erf\u00fcllen?<\/li>\n<li>Welche Anweisung und welchen Segen gab Isaak Jakob (28,1-5)? Was zeigt das \u00fcber Isaak? Was tat Esau daraufhin (6-9)?<\/li>\n<li>Wie mag Jakob sich in der ersten Nacht, in der er von Zuhause weg war, gef\u00fchlt haben (10.11)? Beschreibe, was er in seinem Traum sah (12-15). Wie stellte Gott sich ihm vor und was verhie\u00df er Jakob? Welcher Teil der Verhei\u00dfung kam von Abrahams Bund und welcher Teil war speziell f\u00fcr Jakob?<\/li>\n<li>Wie reagierte Jakob, als er aufwachte (16-19)? Betrachte Jakobs Gel\u00fcbde in den Versen 20-22. Warum war dieses Gel\u00fcbde in seinem Leben wichtig?<\/li>\n<\/ol>\n<p>&nbsp;<\/p>\n","protected":false},"excerpt":{"rendered":"<p>Download Gott begegnet Jakob \u201eUnd Jakob tat ein Gel\u00fcbde und sprach: Wird Gott mit mir sein und mich beh\u00fcten auf dem Wege, den ich reise, und mir Brot zu essen geben und Kleider anzuziehen und mich mit Frieden wieder heim zu meinem Vater bringen, so soll der HERR mein Gott sein.\u201c 1.Mose 28,20.21 &nbsp; Was [&hellip;]<\/p>\n","protected":false},"author":14,"featured_media":0,"comment_status":"open","ping_status":"closed","sticky":false,"template":"","format":"standard","meta":{"ngg_post_thumbnail":0,"footnotes":""},"categories":[37,3],"tags":[],"class_list":["post-9912","post","type-post","status-publish","format-standard","hentry","category-1-mose","category-fragebogen"],"_links":{"self":[{"href":"https:\/\/ubfheidelberg.org\/Wordpress\/wp-json\/wp\/v2\/posts\/9912","targetHints":{"allow":["GET"]}}],"collection":[{"href":"https:\/\/ubfheidelberg.org\/Wordpress\/wp-json\/wp\/v2\/posts"}],"about":[{"href":"https:\/\/ubfheidelberg.org\/Wordpress\/wp-json\/wp\/v2\/types\/post"}],"author":[{"embeddable":true,"href":"https:\/\/ubfheidelberg.org\/Wordpress\/wp-json\/wp\/v2\/users\/14"}],"replies":[{"embeddable":true,"href":"https:\/\/ubfheidelberg.org\/Wordpress\/wp-json\/wp\/v2\/comments?post=9912"}],"version-history":[{"count":2,"href":"https:\/\/ubfheidelberg.org\/Wordpress\/wp-json\/wp\/v2\/posts\/9912\/revisions"}],"predecessor-version":[{"id":9915,"href":"https:\/\/ubfheidelberg.org\/Wordpress\/wp-json\/wp\/v2\/posts\/9912\/revisions\/9915"}],"wp:attachment":[{"href":"https:\/\/ubfheidelberg.org\/Wordpress\/wp-json\/wp\/v2\/media?parent=9912"}],"wp:term":[{"taxonomy":"category","embeddable":true,"href":"https:\/\/ubfheidelberg.org\/Wordpress\/wp-json\/wp\/v2\/categories?post=9912"},{"taxonomy":"post_tag","embeddable":true,"href":"https:\/\/ubfheidelberg.org\/Wordpress\/wp-json\/wp\/v2\/tags?post=9912"}],"curies":[{"name":"wp","href":"https:\/\/api.w.org\/{rel}","templated":true}]}}