{"id":9829,"date":"2020-09-13T12:00:47","date_gmt":"2020-09-13T10:00:47","guid":{"rendered":"https:\/\/ubfheidelberg.org\/?p=9829"},"modified":"2022-11-18T12:19:43","modified_gmt":"2022-11-18T11:19:43","slug":"fragebogen-1-mose-141-1521","status":"publish","type":"post","link":"https:\/\/ubfheidelberg.org\/Wordpress\/fragebogen-1-mose-141-1521\/","title":{"rendered":"Fragebogen: 1. Mose 14,1 \u2013 15,21"},"content":{"rendered":"<a href=\"https:\/\/ubfheidelberg.org\/Wordpress\/wp-content\/uploads\/2020\/09\/2020Gen-11_1401-1521.doc\"><strong>Download<\/strong><\/a>\r\n<h2 style=\"text-align: center;\">Gottes Bund mit Abram<\/h2>\r\n<h3 style=\"text-align: center;\">\u201eAbram glaubte dem Herrn, und das rechnete er ihm zur Gerechtigkeit.\u201c<\/h3>\r\n<p style=\"text-align: center;\">(1.Mose 15,6)<\/p>\r\n\r\n<ol>\r\n \t<li>Was f\u00fcr ein Krieg wird in den Versen 1-12 beschrieben und wie wurde Abram darin verwickelt? Was war das Ergebnis von Abrams Einsatz (13-16)? Welche geistliche Hilfe bekam Abram, und was zeigt seine Reaktion \u00fcber ihn (17-24)?<\/li>\r\n \t<li>Welches Wort Gottes kam danach zu Abram in einer Erscheinung (15,1)? Was zeigt es \u00fcber Abrams innere Lage und \u00fcber Gottes Verst\u00e4ndnis f\u00fcr ihn?<\/li>\r\n \t<li>Welche Probleme brachte Abram daraufhin Gott gegen\u00fcber vor (2.3)? Wie anders war aber Gottes Hoffnung f\u00fcr ihn (4.5)? Denke dar\u00fcber nach, wie anders Gottes Plan f\u00fcr ihn war und wie \u201eunglaublich\u201c er in Abrams Situation aussah. Wie konnte Abram trotzdem daran glauben (6a; vgl. R\u00f6m 4,17-21)?<\/li>\r\n \t<li>Was bedeutet es, dass Gott ihm das zur Gerechtigkeit rechnete? Was sagt das \u00fcber die Beziehung zwischen Gott und Abram?<\/li>\r\n \t<li>Welche Verhei\u00dfung gab Gott ihm daraufhin erneut (7)? Inwiefern k\u00f6nnen wir Abrams Bitte um ein Zeichen positiv verstehen (8)?<\/li>\r\n \t<li>Betrachte den feierlichen Bundesschluss, den Gott daraufhin mit Abram vollzog. Welche weitere Verhei\u00dfung gab Gott ihm dabei (18-21)? Vergleiche ihn mit Abrams praktischer Lebenssituation (12,6; 20,1; 23,3-20)?<\/li>\r\n<\/ol>\r\n<!-- \/wp:post-content -->","protected":false},"excerpt":{"rendered":"<p>Download Gottes Bund mit Abram \u201eAbram glaubte dem Herrn, und das rechnete er ihm zur Gerechtigkeit.\u201c (1.Mose 15,6) Was f\u00fcr ein Krieg wird in den Versen 1-12 beschrieben und wie wurde Abram darin verwickelt? Was war das Ergebnis von Abrams Einsatz (13-16)? Welche geistliche Hilfe bekam Abram, und was zeigt seine Reaktion \u00fcber ihn (17-24)? [&hellip;]<\/p>\n","protected":false},"author":14,"featured_media":0,"comment_status":"open","ping_status":"closed","sticky":false,"template":"","format":"standard","meta":{"ngg_post_thumbnail":0,"footnotes":""},"categories":[37,3],"tags":[],"class_list":["post-9829","post","type-post","status-publish","format-standard","hentry","category-1-mose","category-fragebogen"],"_links":{"self":[{"href":"https:\/\/ubfheidelberg.org\/Wordpress\/wp-json\/wp\/v2\/posts\/9829","targetHints":{"allow":["GET"]}}],"collection":[{"href":"https:\/\/ubfheidelberg.org\/Wordpress\/wp-json\/wp\/v2\/posts"}],"about":[{"href":"https:\/\/ubfheidelberg.org\/Wordpress\/wp-json\/wp\/v2\/types\/post"}],"author":[{"embeddable":true,"href":"https:\/\/ubfheidelberg.org\/Wordpress\/wp-json\/wp\/v2\/users\/14"}],"replies":[{"embeddable":true,"href":"https:\/\/ubfheidelberg.org\/Wordpress\/wp-json\/wp\/v2\/comments?post=9829"}],"version-history":[{"count":1,"href":"https:\/\/ubfheidelberg.org\/Wordpress\/wp-json\/wp\/v2\/posts\/9829\/revisions"}],"predecessor-version":[{"id":9830,"href":"https:\/\/ubfheidelberg.org\/Wordpress\/wp-json\/wp\/v2\/posts\/9829\/revisions\/9830"}],"wp:attachment":[{"href":"https:\/\/ubfheidelberg.org\/Wordpress\/wp-json\/wp\/v2\/media?parent=9829"}],"wp:term":[{"taxonomy":"category","embeddable":true,"href":"https:\/\/ubfheidelberg.org\/Wordpress\/wp-json\/wp\/v2\/categories?post=9829"},{"taxonomy":"post_tag","embeddable":true,"href":"https:\/\/ubfheidelberg.org\/Wordpress\/wp-json\/wp\/v2\/tags?post=9829"}],"curies":[{"name":"wp","href":"https:\/\/api.w.org\/{rel}","templated":true}]}}