{"id":9810,"date":"2020-08-30T12:00:03","date_gmt":"2020-08-30T10:00:03","guid":{"rendered":"https:\/\/ubfheidelberg.org\/?p=9810"},"modified":"2022-11-18T12:19:44","modified_gmt":"2022-11-18T11:19:44","slug":"fragebogen-1-mose-1127-129","status":"publish","type":"post","link":"https:\/\/ubfheidelberg.org\/Wordpress\/fragebogen-1-mose-1127-129\/","title":{"rendered":"Fragebogen: 1. Mose 11,27 &#8211; 12,9"},"content":{"rendered":"<a href=\"https:\/\/ubfheidelberg.org\/Wordpress\/wp-content\/uploads\/2020\/08\/2020Gen-09_1127-1209.doc\"><strong>Download<\/strong><\/a>\r\n<h2 style=\"text-align: center;\">Gott beruft Abram<\/h2>\r\n<h3 style=\"text-align: center;\">\u201eUnd ich will dich zum gro\u00dfen Volk machen und will dich segnen und dir einen gro\u00dfen Namen machen, und du sollst ein Segen sein.\u201c<\/h3>\r\n<p style=\"text-align: center;\">(1.Mose 12,2)<\/p>\r\n\r\n<ol>\r\n \t<li>Worum geht es in dem Abschnitt 11,27-32? Was wissen wir aufgrund von Josua 24,2 \u00fcber Terach? Wohin sollte er eigentlich ziehen? Wessen Geschichte beginnt hier (Apg 7,2-4)?<\/li>\r\n \t<li>Lies 12,1. Wer ergreift hier die Initiative und was besagt dies? Welche beiden Aufforderungen enth\u00e4lt Vers 1 und was bedeuteten sie f\u00fcr Abram?<\/li>\r\n \t<li>Welche Verhei\u00dfungen gab Gott Abram und was bedeuten sie im Einzelnen (2)? Was w\u00fcrde Gott noch tun (3)? Denke \u00fcber Gottes Plan f\u00fcr Abram und f\u00fcr alle V\u00f6lker der Erde nach.<\/li>\r\n \t<li>Wie reagierte Abram auf Gottes Wort (Hebr 11,8.9)? Wieso ist dies so besonders? Womit wurde er konfrontiert, als er ins Land Kanaan kam (6)?<\/li>\r\n \t<li>Beschreibe Abrams Leben im verhei\u00dfenen Land (7.8). Weshalb zog er wohl immer weiter bis ins S\u00fcdland (9)?<\/li>\r\n<\/ol>\r\n<!-- \/wp:post-content -->","protected":false},"excerpt":{"rendered":"<p>Download Gott beruft Abram \u201eUnd ich will dich zum gro\u00dfen Volk machen und will dich segnen und dir einen gro\u00dfen Namen machen, und du sollst ein Segen sein.\u201c (1.Mose 12,2) Worum geht es in dem Abschnitt 11,27-32? Was wissen wir aufgrund von Josua 24,2 \u00fcber Terach? Wohin sollte er eigentlich ziehen? Wessen Geschichte beginnt hier [&hellip;]<\/p>\n","protected":false},"author":14,"featured_media":0,"comment_status":"open","ping_status":"closed","sticky":false,"template":"","format":"standard","meta":{"ngg_post_thumbnail":0,"footnotes":""},"categories":[37,3],"tags":[],"class_list":["post-9810","post","type-post","status-publish","format-standard","hentry","category-1-mose","category-fragebogen"],"_links":{"self":[{"href":"https:\/\/ubfheidelberg.org\/Wordpress\/wp-json\/wp\/v2\/posts\/9810","targetHints":{"allow":["GET"]}}],"collection":[{"href":"https:\/\/ubfheidelberg.org\/Wordpress\/wp-json\/wp\/v2\/posts"}],"about":[{"href":"https:\/\/ubfheidelberg.org\/Wordpress\/wp-json\/wp\/v2\/types\/post"}],"author":[{"embeddable":true,"href":"https:\/\/ubfheidelberg.org\/Wordpress\/wp-json\/wp\/v2\/users\/14"}],"replies":[{"embeddable":true,"href":"https:\/\/ubfheidelberg.org\/Wordpress\/wp-json\/wp\/v2\/comments?post=9810"}],"version-history":[{"count":1,"href":"https:\/\/ubfheidelberg.org\/Wordpress\/wp-json\/wp\/v2\/posts\/9810\/revisions"}],"predecessor-version":[{"id":9814,"href":"https:\/\/ubfheidelberg.org\/Wordpress\/wp-json\/wp\/v2\/posts\/9810\/revisions\/9814"}],"wp:attachment":[{"href":"https:\/\/ubfheidelberg.org\/Wordpress\/wp-json\/wp\/v2\/media?parent=9810"}],"wp:term":[{"taxonomy":"category","embeddable":true,"href":"https:\/\/ubfheidelberg.org\/Wordpress\/wp-json\/wp\/v2\/categories?post=9810"},{"taxonomy":"post_tag","embeddable":true,"href":"https:\/\/ubfheidelberg.org\/Wordpress\/wp-json\/wp\/v2\/tags?post=9810"}],"curies":[{"name":"wp","href":"https:\/\/api.w.org\/{rel}","templated":true}]}}