{"id":9616,"date":"2020-04-12T12:00:00","date_gmt":"2020-04-12T10:00:00","guid":{"rendered":"https:\/\/ubfheidelberg.org\/?p=9616"},"modified":"2022-11-18T12:19:57","modified_gmt":"2022-11-18T11:19:57","slug":"fragebogen-johannes-2019-31-2","status":"publish","type":"post","link":"https:\/\/ubfheidelberg.org\/Wordpress\/fragebogen-johannes-2019-31-2\/","title":{"rendered":"Fragebogen: Johannes 20,19 &#8211; 31"},"content":{"rendered":"<p><a href=\"https:\/\/ubfheidelberg.org\/Wordpress\/wp-content\/uploads\/2020\/04\/2019-Joh_20-1931.doc\"><strong>Download<\/strong><\/a><\/p>\r\n<h2 style=\"text-align: center;\">Selig sind, die nicht sehen und doch glauben<\/h2>\r\n<h3 style=\"text-align: center;\">\u201eSpricht Jesus zu ihm: Weil du mich gesehen hast, darum glaubst du? Selig sind, die nicht sehen und doch glauben!\u201c<\/h3>\r\n<p style=\"text-align: center;\">(20,29)<\/p>\r\n<ol>\r\n<li>\r\n<p>Was war an diesem ersten Tag der Woche passiert (1-18)? In welchem geistlichen Zustand befanden sich die J\u00fcnger, als Jesus sie besuchte? Wie zeigte sich Jesus ihnen als der Auferstandene und wie gr\u00fc\u00dfte er sie? Wie reagierten sie (19.20)?<\/p>\r\n<\/li>\r\n<li>\r\n<p>Was sagte Jesus \u00fcber ihre Sendung? Was sagt er ihnen daf\u00fcr zu (21-23)?<\/p>\r\n<\/li>\r\n<li>\r\n<p>Was konnten wir bisher \u00fcber Thomas erfahren (Kap. 11,16b und 14,1-6)? Lies die Verse 24 und 25. Warum konnte Thomas das Zeugnis der anderen J\u00fcnger nicht annehmen?<\/p>\r\n<\/li>\r\n<li>\r\n<p>Wann kam Jesus noch einmal zu seinen J\u00fcngern? Wie half er Thomas? Was bedeutet Thomas\u2018 Bekenntnis \u201eMein Herr und mein Gott!\u201c (26-28)?<\/p>\r\n<\/li>\r\n<li>\r\n<p>Welchen Glauben m\u00f6chte Jesus haben (29)? Warum sagt Jesus, dass diejenigen, die ihn nicht sehen und doch glauben, \u201eselig\u201c sind?<\/p>\r\n<\/li>\r\n<li>\r\n<p>Lies die Verse 30 und 31. Welche Erkenntnis sollte das Zeugnis des Verfassers bewirken? Wie k\u00f6nnen wir das Leben haben (1,4; 1,12.13; 3,16; 5,24; 6,47.48.68)?<\/p>\r\n<\/li>\r\n<\/ol>\r\n\r\n<p>&nbsp;<\/p>\r\n","protected":false},"excerpt":{"rendered":"<p>Download Selig sind, die nicht sehen und doch glauben \u201eSpricht Jesus zu ihm: Weil du mich gesehen hast, darum glaubst du? Selig sind, die nicht sehen und doch glauben!\u201c (20,29) Was war an diesem ersten Tag der Woche passiert (1-18)? In welchem geistlichen Zustand befanden sich die J\u00fcnger, als Jesus sie besuchte? Wie zeigte sich [&hellip;]<\/p>\n","protected":false},"author":14,"featured_media":0,"comment_status":"open","ping_status":"closed","sticky":false,"template":"","format":"standard","meta":{"ngg_post_thumbnail":0,"footnotes":""},"categories":[3,16],"tags":[],"class_list":["post-9616","post","type-post","status-publish","format-standard","hentry","category-fragebogen","category-johannes"],"_links":{"self":[{"href":"https:\/\/ubfheidelberg.org\/Wordpress\/wp-json\/wp\/v2\/posts\/9616","targetHints":{"allow":["GET"]}}],"collection":[{"href":"https:\/\/ubfheidelberg.org\/Wordpress\/wp-json\/wp\/v2\/posts"}],"about":[{"href":"https:\/\/ubfheidelberg.org\/Wordpress\/wp-json\/wp\/v2\/types\/post"}],"author":[{"embeddable":true,"href":"https:\/\/ubfheidelberg.org\/Wordpress\/wp-json\/wp\/v2\/users\/14"}],"replies":[{"embeddable":true,"href":"https:\/\/ubfheidelberg.org\/Wordpress\/wp-json\/wp\/v2\/comments?post=9616"}],"version-history":[{"count":4,"href":"https:\/\/ubfheidelberg.org\/Wordpress\/wp-json\/wp\/v2\/posts\/9616\/revisions"}],"predecessor-version":[{"id":9642,"href":"https:\/\/ubfheidelberg.org\/Wordpress\/wp-json\/wp\/v2\/posts\/9616\/revisions\/9642"}],"wp:attachment":[{"href":"https:\/\/ubfheidelberg.org\/Wordpress\/wp-json\/wp\/v2\/media?parent=9616"}],"wp:term":[{"taxonomy":"category","embeddable":true,"href":"https:\/\/ubfheidelberg.org\/Wordpress\/wp-json\/wp\/v2\/categories?post=9616"},{"taxonomy":"post_tag","embeddable":true,"href":"https:\/\/ubfheidelberg.org\/Wordpress\/wp-json\/wp\/v2\/tags?post=9616"}],"curies":[{"name":"wp","href":"https:\/\/api.w.org\/{rel}","templated":true}]}}