{"id":9613,"date":"2020-04-05T12:00:00","date_gmt":"2020-04-05T10:00:00","guid":{"rendered":"https:\/\/ubfheidelberg.org\/?p=9613"},"modified":"2022-11-18T12:19:57","modified_gmt":"2022-11-18T11:19:57","slug":"fragebogen-johannes-201-18-2","status":"publish","type":"post","link":"https:\/\/ubfheidelberg.org\/Wordpress\/fragebogen-johannes-201-18-2\/","title":{"rendered":"Fragebogen: Johannes 20,1 &#8211; 18"},"content":{"rendered":"<p><a href=\"https:\/\/ubfheidelberg.org\/Wordpress\/wp-content\/uploads\/2020\/04\/2019-Joh_20-0118.doc\"><strong>Download<\/strong><\/a><\/p>\r\n<h2 style=\"text-align: center;\">Ich fahre auf zu meinem Vater und eurem Vater<\/h2>\r\n<h3 style=\"text-align: center;\">\u201eGeh aber hin zu meinen Br\u00fcdern und sage ihnen: Ich fahre auf zu <br>meinem Vater und eurem Vater, zu meinem Gott und eurem Gott.\u201c<\/h3>\r\n<p style=\"text-align: center;\">(20,17b)<\/p>\r\n<ol>\r\n<li>In diesem Abschnitt berichtet Johannes \u00fcber Jesu Auferstehung aus der Sicht von Maria von Magdala. Wo war sie w\u00e4hrend Jesu Kreuzigung und seinem Begr\u00e4bnis gewesen (19,25; Lk 23,55)? Was entdeckte sie, als sie am Grab ankam (1.2)?<\/li>\r\n<li>Wie reagierten Petrus und der andere J\u00fcnger auf Marias Bericht? Was sahen sie, als sie ins Grab hineingingen, und worauf wies dies hin (3-7)?<\/li>\r\n<li>Wer ist \u201eder andere J\u00fcnger\u201c (21,24)? Was will der Verfasser mit dem Ausdruck \u201eund sah und glaubte\u201c sagen? Was fehlte seinem Glauben (8-10)?<\/li>\r\n<li>Warum weinte Maria wohl, als sie vor dem leeren Grab stand? Wen sah sie dann im Grab? Was fragten sie Maria und was zeigt deren Antwort \u00fcber sie (11-13)?<\/li>\r\n<li>Warum erkannte Maria Jesus nicht? Wann erkannte sie ihn (14-16)?<\/li>\r\n<li>Welchen Auftrag gab ihr der auferstandene Jesus? Was offenbart dies \u00fcber ihn? Wie reagierte sie darauf (17.18)?<\/li>\r\n<\/ol>\r\n\r\n<p>&nbsp;<\/p>\r\n","protected":false},"excerpt":{"rendered":"<p>Download Ich fahre auf zu meinem Vater und eurem Vater \u201eGeh aber hin zu meinen Br\u00fcdern und sage ihnen: Ich fahre auf zu meinem Vater und eurem Vater, zu meinem Gott und eurem Gott.\u201c (20,17b) In diesem Abschnitt berichtet Johannes \u00fcber Jesu Auferstehung aus der Sicht von Maria von Magdala. Wo war sie w\u00e4hrend Jesu [&hellip;]<\/p>\n","protected":false},"author":14,"featured_media":0,"comment_status":"open","ping_status":"closed","sticky":false,"template":"","format":"standard","meta":{"ngg_post_thumbnail":0,"footnotes":""},"categories":[3,16],"tags":[],"class_list":["post-9613","post","type-post","status-publish","format-standard","hentry","category-fragebogen","category-johannes"],"_links":{"self":[{"href":"https:\/\/ubfheidelberg.org\/Wordpress\/wp-json\/wp\/v2\/posts\/9613","targetHints":{"allow":["GET"]}}],"collection":[{"href":"https:\/\/ubfheidelberg.org\/Wordpress\/wp-json\/wp\/v2\/posts"}],"about":[{"href":"https:\/\/ubfheidelberg.org\/Wordpress\/wp-json\/wp\/v2\/types\/post"}],"author":[{"embeddable":true,"href":"https:\/\/ubfheidelberg.org\/Wordpress\/wp-json\/wp\/v2\/users\/14"}],"replies":[{"embeddable":true,"href":"https:\/\/ubfheidelberg.org\/Wordpress\/wp-json\/wp\/v2\/comments?post=9613"}],"version-history":[{"count":2,"href":"https:\/\/ubfheidelberg.org\/Wordpress\/wp-json\/wp\/v2\/posts\/9613\/revisions"}],"predecessor-version":[{"id":9641,"href":"https:\/\/ubfheidelberg.org\/Wordpress\/wp-json\/wp\/v2\/posts\/9613\/revisions\/9641"}],"wp:attachment":[{"href":"https:\/\/ubfheidelberg.org\/Wordpress\/wp-json\/wp\/v2\/media?parent=9613"}],"wp:term":[{"taxonomy":"category","embeddable":true,"href":"https:\/\/ubfheidelberg.org\/Wordpress\/wp-json\/wp\/v2\/categories?post=9613"},{"taxonomy":"post_tag","embeddable":true,"href":"https:\/\/ubfheidelberg.org\/Wordpress\/wp-json\/wp\/v2\/tags?post=9613"}],"curies":[{"name":"wp","href":"https:\/\/api.w.org\/{rel}","templated":true}]}}