{"id":8976,"date":"2018-12-02T12:00:17","date_gmt":"2018-12-02T11:00:17","guid":{"rendered":"https:\/\/ubfheidelberg.org\/?p=8976"},"modified":"2022-11-18T12:20:47","modified_gmt":"2022-11-18T11:20:47","slug":"fragebogen-jesaja-491-6","status":"publish","type":"post","link":"https:\/\/ubfheidelberg.org\/Wordpress\/fragebogen-jesaja-491-6\/","title":{"rendered":"Fragebogen: Jesaja 49,1 &#8211; 6 (Sonderlektion &#8211; Weihnachten 2018)"},"content":{"rendered":"<p><a href=\"https:\/\/ubfheidelberg.org\/Wordpress\/wp-content\/uploads\/2018\/11\/2018F-Jes49_1-6.doc\"><strong>Download<\/strong><\/a><\/p>\n<h2 style=\"text-align: center;\">Zum Licht der Heiden<\/h2>\n<h3 style=\"text-align: center;\">\u201eEr spricht: Es ist zu wenig, dass du mein Knecht bist, die St\u00e4mme Jakobs aufzurichten und die Zerstreuten Israels wiederzubringen, sondern ich habe dich auch zum Licht der Heiden gemacht,<br \/>\ndass du seist mein Heil bis an die Enden der Erde.\u201c<\/h3>\n<p style=\"text-align: center;\">Jesaja 49,6<\/p>\n<p>1. Worauf beziehen sich die Worte \u201eihr Inseln\u201c, \u201emir\u201c und \u201emich\u201c (1a)? Wann hat der Herr seinen Knecht berufen (1b.5a)? Was k\u00f6nnen wir hier \u00fcber die Berufung Gottes kennen lernen?<\/p>\n<p>2. Zu was f\u00fcr einem Menschen machte Gott seinen Knecht (2)? Was bedeutet es, dass Gott den Mund seines Knechts wie ein scharfes Schwert und ihn selbst zum spitzen Pfeil gemacht hat (vgl. Hebr 4,12; Apg 2,36.37)? Wozu machte Gott ihn so (3)?<\/p>\n<p>3. Was dachte der Knecht des Herrn \u00fcber seinen Dienst (4a; vgl. Jes 6,9-11)? Warum dachte er so? Worin erkannte er aber sein Recht und seinen Lohn (4b)?<\/p>\n<p>4. Wie betrachtet sich der Knecht des Herrn vor Gott, und wer ist Gott f\u00fcr ihn (5c)? Was will der Herr durch ihn zun\u00e4chst tun (5b.6a)? Wie schwierig ist diese Aufgabe f\u00fcr ihn? Wie denkt der Herr aber dar\u00fcber (6a)?<\/p>\n<p>5. Was f\u00fcr einen noch gr\u00f6\u00dferen Willen hat Gott f\u00fcr seinen Knecht (6b)? Was bedeutet \u201ezum Licht der Heiden gemacht\u201c (vgl. Joh 8,12; Mt 5,14)?<\/p>\n<p>6. Bis zu welchem Ort will Gott ihn als sein Heil gebrauchen? Denke \u00fcber den Willen und die Hoffnung Gottes nach, der bis an die Enden der Erde erretten will (vgl. Joh 3,16; 1.Tim 2,4; Mk 16,15)!<\/p>\n","protected":false},"excerpt":{"rendered":"<p>Download Zum Licht der Heiden \u201eEr spricht: Es ist zu wenig, dass du mein Knecht bist, die St\u00e4mme Jakobs aufzurichten und die Zerstreuten Israels wiederzubringen, sondern ich habe dich auch zum Licht der Heiden gemacht, dass du seist mein Heil bis an die Enden der Erde.\u201c Jesaja 49,6 1. Worauf beziehen sich die Worte \u201eihr [&hellip;]<\/p>\n","protected":false},"author":14,"featured_media":0,"comment_status":"open","ping_status":"closed","sticky":false,"template":"","format":"standard","meta":{"ngg_post_thumbnail":0,"footnotes":""},"categories":[3,17],"tags":[],"class_list":["post-8976","post","type-post","status-publish","format-standard","hentry","category-fragebogen","category-jesaja"],"_links":{"self":[{"href":"https:\/\/ubfheidelberg.org\/Wordpress\/wp-json\/wp\/v2\/posts\/8976","targetHints":{"allow":["GET"]}}],"collection":[{"href":"https:\/\/ubfheidelberg.org\/Wordpress\/wp-json\/wp\/v2\/posts"}],"about":[{"href":"https:\/\/ubfheidelberg.org\/Wordpress\/wp-json\/wp\/v2\/types\/post"}],"author":[{"embeddable":true,"href":"https:\/\/ubfheidelberg.org\/Wordpress\/wp-json\/wp\/v2\/users\/14"}],"replies":[{"embeddable":true,"href":"https:\/\/ubfheidelberg.org\/Wordpress\/wp-json\/wp\/v2\/comments?post=8976"}],"version-history":[{"count":2,"href":"https:\/\/ubfheidelberg.org\/Wordpress\/wp-json\/wp\/v2\/posts\/8976\/revisions"}],"predecessor-version":[{"id":8984,"href":"https:\/\/ubfheidelberg.org\/Wordpress\/wp-json\/wp\/v2\/posts\/8976\/revisions\/8984"}],"wp:attachment":[{"href":"https:\/\/ubfheidelberg.org\/Wordpress\/wp-json\/wp\/v2\/media?parent=8976"}],"wp:term":[{"taxonomy":"category","embeddable":true,"href":"https:\/\/ubfheidelberg.org\/Wordpress\/wp-json\/wp\/v2\/categories?post=8976"},{"taxonomy":"post_tag","embeddable":true,"href":"https:\/\/ubfheidelberg.org\/Wordpress\/wp-json\/wp\/v2\/tags?post=8976"}],"curies":[{"name":"wp","href":"https:\/\/api.w.org\/{rel}","templated":true}]}}