{"id":8103,"date":"2018-02-04T12:00:05","date_gmt":"2018-02-04T11:00:05","guid":{"rendered":"https:\/\/ubfheidelberg.org\/?p=8103"},"modified":"2022-11-18T12:20:52","modified_gmt":"2022-11-18T11:20:52","slug":"sonderlektion-zur-aussendung-von-hanna-you","status":"publish","type":"post","link":"https:\/\/ubfheidelberg.org\/Wordpress\/sonderlektion-zur-aussendung-von-hanna-you\/","title":{"rendered":"Fragebogen: Apostelgeschichte 1,1 &#8211; 14 (Sonderlektion zur Aussendung von Hanna You)"},"content":{"rendered":"<p><a href=\"https:\/\/ubfheidelberg.org\/Wordpress\/wp-content\/uploads\/2018\/02\/SL2018-Apg1_01-14.doc\"><strong>Download<\/strong><\/a><\/p>\n<h2 style=\"text-align: center;\">Ihr werdet meine Zeugen sein<\/h2>\n<h3 style=\"text-align: center;\">Aber ihr werdet die Kraft des Heiligen Geistes empfangen, der auf euch kommen wird, und werdet meine Zeugen sein in Jerusalem und in ganz Jud\u00e4a und Samarien und bis an das Ende der Erde.<\/h3>\n<p style=\"text-align: center;\">(1,8)<\/p>\n<p>1. Wor\u00fcber schrieb der Verfasser Lukas in seinem fr\u00fcheren Bericht (1.2)? Was tat der auferstandene Jesus vor seiner Himmelfahrt (3)? Warum ist f\u00fcr uns so wichtig, eine \u00dcberzeugung von Jesu Auferstehung und eine Hoffnung auf Gottes Reich zu haben?<\/p>\n<p>2. Was befahl Jesus seinen Aposteln und warum (4a; Lk 24,47)? An welche Verhei\u00dfung erinnerte Jesus sie (4b-5)? Warum mussten die Apostel mit dem Heiligen Geist erf\u00fcllt sein, um Gottes Willen zu erf\u00fcllen (Joh 15,26-27; Eph 6,12.13)?<\/p>\n<p>3. Wie brachten die Apostel ihre eigene Hoffnung und Erwartung zum Ausdruck (6)? Was bedeutete Jesu Antwort f\u00fcr sie (7)? Und f\u00fcr uns? Lies Vers 8. Was war Gottes Plan und seine Vision, und wie w\u00fcrden sie ausgef\u00fchrt werden (Lk 24,46-48)? Welche Kraft bekommen wir vom Heiligen Geist? Warum und wie sollen wir Jesu Zeugen sein?<\/p>\n<p>4. Was ist die Bedeutung von Jesu Himmelfahrt (9; Apg 2,33)? Wie w\u00fcrde Jesus wieder\u00adkommen (10.11)? Warum ist die Hoffnung auf seine Wiederkunft wichtig?<\/p>\n<p>5. Was taten die Apostel nach Jesu Himmelfahrt (12-14)? Wer nahm an dem gemeinsamen Gebet teil? Was k\u00f6nnen wir von ihnen lernen, wie wir uns darauf vorbereiten k\u00f6nnen, die Kraft des Heiligen Geistes zu empfangen?<\/p>\n","protected":false},"excerpt":{"rendered":"<p>Download Ihr werdet meine Zeugen sein Aber ihr werdet die Kraft des Heiligen Geistes empfangen, der auf euch kommen wird, und werdet meine Zeugen sein in Jerusalem und in ganz Jud\u00e4a und Samarien und bis an das Ende der Erde. (1,8) 1. Wor\u00fcber schrieb der Verfasser Lukas in seinem fr\u00fcheren Bericht (1.2)? Was tat der [&hellip;]<\/p>\n","protected":false},"author":14,"featured_media":0,"comment_status":"open","ping_status":"closed","sticky":false,"template":"","format":"standard","meta":{"ngg_post_thumbnail":0,"footnotes":""},"categories":[14,3,11],"tags":[],"class_list":["post-8103","post","type-post","status-publish","format-standard","hentry","category-apostelgeschichte","category-fragebogen","category-sonderlektion"],"_links":{"self":[{"href":"https:\/\/ubfheidelberg.org\/Wordpress\/wp-json\/wp\/v2\/posts\/8103","targetHints":{"allow":["GET"]}}],"collection":[{"href":"https:\/\/ubfheidelberg.org\/Wordpress\/wp-json\/wp\/v2\/posts"}],"about":[{"href":"https:\/\/ubfheidelberg.org\/Wordpress\/wp-json\/wp\/v2\/types\/post"}],"author":[{"embeddable":true,"href":"https:\/\/ubfheidelberg.org\/Wordpress\/wp-json\/wp\/v2\/users\/14"}],"replies":[{"embeddable":true,"href":"https:\/\/ubfheidelberg.org\/Wordpress\/wp-json\/wp\/v2\/comments?post=8103"}],"version-history":[{"count":4,"href":"https:\/\/ubfheidelberg.org\/Wordpress\/wp-json\/wp\/v2\/posts\/8103\/revisions"}],"predecessor-version":[{"id":8108,"href":"https:\/\/ubfheidelberg.org\/Wordpress\/wp-json\/wp\/v2\/posts\/8103\/revisions\/8108"}],"wp:attachment":[{"href":"https:\/\/ubfheidelberg.org\/Wordpress\/wp-json\/wp\/v2\/media?parent=8103"}],"wp:term":[{"taxonomy":"category","embeddable":true,"href":"https:\/\/ubfheidelberg.org\/Wordpress\/wp-json\/wp\/v2\/categories?post=8103"},{"taxonomy":"post_tag","embeddable":true,"href":"https:\/\/ubfheidelberg.org\/Wordpress\/wp-json\/wp\/v2\/tags?post=8103"}],"curies":[{"name":"wp","href":"https:\/\/api.w.org\/{rel}","templated":true}]}}