{"id":8088,"date":"2018-01-21T12:00:18","date_gmt":"2018-01-21T11:00:18","guid":{"rendered":"https:\/\/ubfheidelberg.org\/?p=8088"},"modified":"2022-11-18T12:20:53","modified_gmt":"2022-11-18T11:20:53","slug":"fragebogen-markus-914-29-2","status":"publish","type":"post","link":"https:\/\/ubfheidelberg.org\/Wordpress\/fragebogen-markus-914-29-2\/","title":{"rendered":"Fragebogen: Markus 9,14 \u2013 29"},"content":{"rendered":"<p><a href=\"https:\/\/ubfheidelberg.org\/Wordpress\/wp-content\/uploads\/2018\/01\/2017Mk-F09_1429.doc\"><strong>Download<\/strong><\/a><\/p>\n<h2 style=\"text-align: center;\">Jesus heilt einen besessenen Knaben<\/h2>\n<h3 style=\"text-align: center;\">\u201eDu sagst: Wenn du kannst \u2013 alle Dinge sind m\u00f6glich dem, der da glaubt.\u201c<\/h3>\n<p style=\"text-align: center;\">(9,23b)<\/p>\n<p>1. Welche Situation fanden Jesus und die drei J\u00fcnger vor, als sie vom Berg herabkamen? Wie reagierten die Leute, als sie Jesus sahen? Welches Problem hatte der Sohn des Mannes? Welches Problem hatte der Vater (17.18)?<\/p>\n<p>2. Wie reagierte Jesus, als er die Geschichte des Vaters h\u00f6rte? Was sah er als Wurzel der Probleme jener Zeit an? Inwiefern ist das auch das Hauptproblem unserer Zeit?<\/p>\n<p>3. Was passierte, als sie den Jungen zu ihm brachten? Warum richtete Jesus in dieser dramatischen Situation seine Aufmerksamkeit auf den Vater (21)? Wie reagierte der Vater und was zeigt das \u00fcber seinen Glauben?<\/p>\n<p>4. Was lehrte Jesus ihn in dieser Situation (23)? In welcher geistlichen Verfassung befand sich der Mann (24)?<\/p>\n<p>5. Betrachte, was Jesus daraufhin tat und was passierte (25.26). Was zeigt das \u00fcber das Wesen des Teufels? Wie errang Jesus den Sieg?<\/p>\n<p>6. Warum waren die J\u00fcnger gescheitert, als sie den b\u00f6sen Geist austreiben wollten? Was k\u00f6nnen wir hier \u00fcber Gebet und Glauben lernen?<\/p>\n","protected":false},"excerpt":{"rendered":"<p>Download Jesus heilt einen besessenen Knaben \u201eDu sagst: Wenn du kannst \u2013 alle Dinge sind m\u00f6glich dem, der da glaubt.\u201c (9,23b) 1. Welche Situation fanden Jesus und die drei J\u00fcnger vor, als sie vom Berg herabkamen? Wie reagierten die Leute, als sie Jesus sahen? Welches Problem hatte der Sohn des Mannes? Welches Problem hatte der [&hellip;]<\/p>\n","protected":false},"author":14,"featured_media":0,"comment_status":"open","ping_status":"closed","sticky":false,"template":"","format":"standard","meta":{"ngg_post_thumbnail":0,"footnotes":""},"categories":[3,27],"tags":[],"class_list":["post-8088","post","type-post","status-publish","format-standard","hentry","category-fragebogen","category-markus"],"_links":{"self":[{"href":"https:\/\/ubfheidelberg.org\/Wordpress\/wp-json\/wp\/v2\/posts\/8088","targetHints":{"allow":["GET"]}}],"collection":[{"href":"https:\/\/ubfheidelberg.org\/Wordpress\/wp-json\/wp\/v2\/posts"}],"about":[{"href":"https:\/\/ubfheidelberg.org\/Wordpress\/wp-json\/wp\/v2\/types\/post"}],"author":[{"embeddable":true,"href":"https:\/\/ubfheidelberg.org\/Wordpress\/wp-json\/wp\/v2\/users\/14"}],"replies":[{"embeddable":true,"href":"https:\/\/ubfheidelberg.org\/Wordpress\/wp-json\/wp\/v2\/comments?post=8088"}],"version-history":[{"count":1,"href":"https:\/\/ubfheidelberg.org\/Wordpress\/wp-json\/wp\/v2\/posts\/8088\/revisions"}],"predecessor-version":[{"id":8089,"href":"https:\/\/ubfheidelberg.org\/Wordpress\/wp-json\/wp\/v2\/posts\/8088\/revisions\/8089"}],"wp:attachment":[{"href":"https:\/\/ubfheidelberg.org\/Wordpress\/wp-json\/wp\/v2\/media?parent=8088"}],"wp:term":[{"taxonomy":"category","embeddable":true,"href":"https:\/\/ubfheidelberg.org\/Wordpress\/wp-json\/wp\/v2\/categories?post=8088"},{"taxonomy":"post_tag","embeddable":true,"href":"https:\/\/ubfheidelberg.org\/Wordpress\/wp-json\/wp\/v2\/tags?post=8088"}],"curies":[{"name":"wp","href":"https:\/\/api.w.org\/{rel}","templated":true}]}}