{"id":7564,"date":"2017-09-17T12:00:55","date_gmt":"2017-09-17T10:00:55","guid":{"rendered":"https:\/\/ubfheidelberg.org\/?p=7564"},"modified":"2022-11-18T12:20:56","modified_gmt":"2022-11-18T11:20:56","slug":"fragebogen-markus-435-41","status":"publish","type":"post","link":"https:\/\/ubfheidelberg.org\/Wordpress\/fragebogen-markus-435-41\/","title":{"rendered":"Fragebogen: Markus 4,35 &#8211; 41"},"content":{"rendered":"<p><a href=\"https:\/\/ubfheidelberg.org\/Wordpress\/wp-content\/uploads\/2017\/08\/2017Mk-F04_3541.doc\"><strong>Download<\/strong><\/a><\/p>\n<h2 style=\"text-align: center;\">Jesus stillt den Sturm<\/h2>\n<h3 style=\"text-align: center;\">\u201eUnd er stand auf und bedrohte den Wind und sprach zu dem Meer: Schweig und verstumme! Und der Wind legte sich, und es entstand eine gro\u00dfe Stille.\u201c<\/h3>\n<p style=\"text-align: center;\">(4,39)<\/p>\n<p>1. Lies Vers 35. Was hatten Jesus und seine J\u00fcnger an diesem Tag getan? Was sagte Jesus zu seinen J\u00fcngern? Warum m\u00f6gen die J\u00fcnger froh gewesen zu sein, dass sie das Volk gehen lassen und mit Jesus einen kurzen Ausflug machen konnten?<\/p>\n<p>2. Was geschah pl\u00f6tzlich, als sie \u00fcber den See fuhren? Wo war Jesus und was tat er (38a)? Was taten die J\u00fcnger, als sich der Sturm erhob? Was fragten sie Jesus und was zeigt diese Frage \u00fcber sie?<\/p>\n<p>3. Was tat Jesus? Was geschah, als Jesus den Wind und die Wellen bedrohte (39)? Was lehrt uns das \u00fcber Jesus?<\/p>\n<p>4. Was sagte er zu den J\u00fcngern, die gegen den Sturm gek\u00e4mpft und am Ende gewesen sein m\u00fcssen? Was sah er als ihr wahres Problem an? Was k\u00f6nnen wir hier \u00fcber die Beziehung zwischen Glaube und Angst lernen?<\/p>\n<p>5. Warum f\u00fcrchteten sich die J\u00fcnger sehr (41)? Welcher Wandel hatte sich in ihnen vollzogen? Was sagten sie \u00fcber Jesus?<\/p>\n<p>6. Denke dar\u00fcber nach, warum es f\u00fcr die J\u00fcnger notwendig war, durch so ein Ereignis Glauben zu lernen. Was k\u00f6nnen wir durch dieses Ereignis \u00fcber Jesus lernen? Welches Problem war oder ist f\u00fcr dich wie ein Sturm und wie konntest oder kannst du es \u00fcberwinden?<\/p>\n","protected":false},"excerpt":{"rendered":"<p>Download Jesus stillt den Sturm \u201eUnd er stand auf und bedrohte den Wind und sprach zu dem Meer: Schweig und verstumme! Und der Wind legte sich, und es entstand eine gro\u00dfe Stille.\u201c (4,39) 1. Lies Vers 35. Was hatten Jesus und seine J\u00fcnger an diesem Tag getan? Was sagte Jesus zu seinen J\u00fcngern? Warum m\u00f6gen [&hellip;]<\/p>\n","protected":false},"author":14,"featured_media":0,"comment_status":"open","ping_status":"closed","sticky":false,"template":"","format":"standard","meta":{"ngg_post_thumbnail":0,"footnotes":""},"categories":[3,27],"tags":[],"class_list":["post-7564","post","type-post","status-publish","format-standard","hentry","category-fragebogen","category-markus"],"_links":{"self":[{"href":"https:\/\/ubfheidelberg.org\/Wordpress\/wp-json\/wp\/v2\/posts\/7564","targetHints":{"allow":["GET"]}}],"collection":[{"href":"https:\/\/ubfheidelberg.org\/Wordpress\/wp-json\/wp\/v2\/posts"}],"about":[{"href":"https:\/\/ubfheidelberg.org\/Wordpress\/wp-json\/wp\/v2\/types\/post"}],"author":[{"embeddable":true,"href":"https:\/\/ubfheidelberg.org\/Wordpress\/wp-json\/wp\/v2\/users\/14"}],"replies":[{"embeddable":true,"href":"https:\/\/ubfheidelberg.org\/Wordpress\/wp-json\/wp\/v2\/comments?post=7564"}],"version-history":[{"count":1,"href":"https:\/\/ubfheidelberg.org\/Wordpress\/wp-json\/wp\/v2\/posts\/7564\/revisions"}],"predecessor-version":[{"id":7565,"href":"https:\/\/ubfheidelberg.org\/Wordpress\/wp-json\/wp\/v2\/posts\/7564\/revisions\/7565"}],"wp:attachment":[{"href":"https:\/\/ubfheidelberg.org\/Wordpress\/wp-json\/wp\/v2\/media?parent=7564"}],"wp:term":[{"taxonomy":"category","embeddable":true,"href":"https:\/\/ubfheidelberg.org\/Wordpress\/wp-json\/wp\/v2\/categories?post=7564"},{"taxonomy":"post_tag","embeddable":true,"href":"https:\/\/ubfheidelberg.org\/Wordpress\/wp-json\/wp\/v2\/tags?post=7564"}],"curies":[{"name":"wp","href":"https:\/\/api.w.org\/{rel}","templated":true}]}}