{"id":7129,"date":"2017-03-19T12:00:04","date_gmt":"2017-03-19T11:00:04","guid":{"rendered":"https:\/\/ubfheidelberg.org\/?p=7129"},"modified":"2022-11-18T12:21:21","modified_gmt":"2022-11-18T11:21:21","slug":"fragebogen-nehemia-11-220","status":"publish","type":"post","link":"https:\/\/ubfheidelberg.org\/Wordpress\/fragebogen-nehemia-11-220\/","title":{"rendered":"Fragebogen: Nehemia 1,1 &#8211; 2,20"},"content":{"rendered":"<p><a href=\"https:\/\/ubfheidelberg.org\/Wordpress\/wp-content\/uploads\/2017\/03\/2017Neh_F01.doc\"><strong>Download<\/strong><\/a><\/p>\n<h2 style=\"text-align: center;\">Lasst uns die Mauern Jerusalems wieder aufbauen!<\/h2>\n<h3 style=\"text-align: center;\">Und ich sprach zu ihnen: Ihr seht das Ungl\u00fcck, in dem wir sind, dass Jerusalem w\u00fcst liegt und seine Tore mit Feuer verbrannt sind. Kommt, lasst uns die Mauern Jerusalems wieder aufbauen, damit wir nicht weiter ein Gesp\u00f6tt seien!<\/h3>\n<p style=\"text-align: center;\">(2,17)<\/p>\n<ol>\n<li>Wann lebte Nehemia und welche Aufgabe hatte er (1,1.11b)? Wie ging es den Juden und der Stadt Jerusalem nach dem Bericht von Hanani (2.3; Esr&nbsp;4,23)? Was bedeutete es f\u00fcr das Volk Israel, dass die Mauern Jerusalems zerbrochen waren?<\/li>\n<li>Wie reagierte Nehemia, als er von dem Zustand Jerusalems h\u00f6rte (4)? Denke \u00fcber sein Gebet mit Fasten nach. Was glaubte er von Gott (5)? Was bekannte er vor Gott, und an welcher Verhei\u00dfung hielt er fest (6-10)? Wof\u00fcr betete er schlie\u00dflich (11)?<\/li>\n<li>Was kannst du hier von Nehemia lernen? Wie betrachtest du den geistlichen Zustand deines Lebens? Und unserer Gemeinde?<\/li>\n<li>Wann und wie bat Nehemia den K\u00f6nig um die R\u00fcckkehr nach Jerusalem (2,1-5)? Wie erlaubte der K\u00f6nig Nehemia die R\u00fcckkehr (6-9)?<\/li>\n<li>Was tat Nehemia zuerst nach seiner R\u00fcckkehr (10-15)? Wie ermutigte er die \u00c4ltesten dazu, die Mauern Jerusalems wieder aufzubauen (16-18a)? Wie reagierten sie (18b)? Was taten die Feinde, die davon erfuhren (19)? Welche Zuversicht hatte Nehemia aber (20)?<\/li>\n<li>Welche Bedeutung hatte es f\u00fcr das Volk Israel, die Mauern Jerusalems wieder aufzubauen? Wie k\u00f6nnen wir die geistlichen Mauern unserer Gemeinde wieder aufbauen? Und f\u00fcr den Bau der Mauer des Reiches Gottes in unserer Stadt und in Deutschland gebraucht werden?<\/li>\n<\/ol>\n","protected":false},"excerpt":{"rendered":"<p>Download Lasst uns die Mauern Jerusalems wieder aufbauen! Und ich sprach zu ihnen: Ihr seht das Ungl\u00fcck, in dem wir sind, dass Jerusalem w\u00fcst liegt und seine Tore mit Feuer verbrannt sind. Kommt, lasst uns die Mauern Jerusalems wieder aufbauen, damit wir nicht weiter ein Gesp\u00f6tt seien! (2,17) Wann lebte Nehemia und welche Aufgabe hatte [&hellip;]<\/p>\n","protected":false},"author":14,"featured_media":0,"comment_status":"open","ping_status":"closed","sticky":false,"template":"","format":"standard","meta":{"ngg_post_thumbnail":0,"footnotes":""},"categories":[3,25],"tags":[],"class_list":["post-7129","post","type-post","status-publish","format-standard","hentry","category-fragebogen","category-nehemia"],"_links":{"self":[{"href":"https:\/\/ubfheidelberg.org\/Wordpress\/wp-json\/wp\/v2\/posts\/7129","targetHints":{"allow":["GET"]}}],"collection":[{"href":"https:\/\/ubfheidelberg.org\/Wordpress\/wp-json\/wp\/v2\/posts"}],"about":[{"href":"https:\/\/ubfheidelberg.org\/Wordpress\/wp-json\/wp\/v2\/types\/post"}],"author":[{"embeddable":true,"href":"https:\/\/ubfheidelberg.org\/Wordpress\/wp-json\/wp\/v2\/users\/14"}],"replies":[{"embeddable":true,"href":"https:\/\/ubfheidelberg.org\/Wordpress\/wp-json\/wp\/v2\/comments?post=7129"}],"version-history":[{"count":1,"href":"https:\/\/ubfheidelberg.org\/Wordpress\/wp-json\/wp\/v2\/posts\/7129\/revisions"}],"predecessor-version":[{"id":7132,"href":"https:\/\/ubfheidelberg.org\/Wordpress\/wp-json\/wp\/v2\/posts\/7129\/revisions\/7132"}],"wp:attachment":[{"href":"https:\/\/ubfheidelberg.org\/Wordpress\/wp-json\/wp\/v2\/media?parent=7129"}],"wp:term":[{"taxonomy":"category","embeddable":true,"href":"https:\/\/ubfheidelberg.org\/Wordpress\/wp-json\/wp\/v2\/categories?post=7129"},{"taxonomy":"post_tag","embeddable":true,"href":"https:\/\/ubfheidelberg.org\/Wordpress\/wp-json\/wp\/v2\/tags?post=7129"}],"curies":[{"name":"wp","href":"https:\/\/api.w.org\/{rel}","templated":true}]}}