{"id":6823,"date":"2016-11-27T12:00:11","date_gmt":"2016-11-27T11:00:11","guid":{"rendered":"https:\/\/ubfheidelberg.org\/?p=6823"},"modified":"2022-11-18T12:21:24","modified_gmt":"2022-11-18T11:21:24","slug":"fragebogen-apostelgeschichte-251-2632","status":"publish","type":"post","link":"https:\/\/ubfheidelberg.org\/Wordpress\/fragebogen-apostelgeschichte-251-2632\/","title":{"rendered":"Fragebogen: Apostelgeschichte 25,1 &#8211; 26,32"},"content":{"rendered":"<p><a href=\"https:\/\/ubfheidelberg.org\/Wordpress\/wp-content\/uploads\/2016\/11\/Apg17F2501-2632.doc\"><strong>Download<\/strong><\/a><\/p>\n<h2 style=\"text-align: center;\">Wegen der Hoffnung auf die Verhei\u00dfung<\/h2>\n<h3 style=\"text-align: center;\">\u201eUnd nun stehe ich hier und werde angeklagt wegen der Hoffnung auf die Verhei\u00dfung, die unsern V\u00e4tern von Gott gegeben ist.\u201c<\/h3>\n<p style=\"text-align: center;\">(26,6)<\/p>\n<ol>\n<li>Lies die Verse 25,1-12. Wie behandelte der neue Statthalter Festus den Fall von Paulus? Warum berief sich Paulus auf den Kaiser (19,21; 23,11)? Denke \u00fcber Gottes Wege f\u00fcr die Weltmission nach.<\/li>\n<li>Wie kam es dazu, dass Paulus vor K\u00f6nig Agrippa sprechen konnte (13-22)? Warum stellte Festus Paulus vor K\u00f6nig Agrippa und die vornehmsten M\u00e4nner (23-27; Apg 9,15)?<\/li>\n<li>Was sagte Paulus \u00fcber seinen Hintergrund (26,1-5)? Weswegen wurde er angeklagt (6-8; Apg 24,15; Dan 12,2)?<\/li>\n<li>Wie beschrieb Paulus seine Begegnung mit dem auferstandenen Jesus (9-18)? Welche Gnade und welches Apostelamt hatte der auferstandene Jesus Paulus gegeben (15-18; 1.Kor 15,9.10)?<\/li>\n<li>Wie gehorchte Paulus dem Befehl des auferstandenen Jesus (19-21)? Was predigte er allen Menschen (22.23a)? Welche spezifische Aufgabe gab Jesus ihm (23b; Apg 22,21)?<\/li>\n<li>Lies die Verse 24-32. Wie reagierten Festus und K\u00f6nig Agrippa auf Paulus\u2019 Botschaft? Was offenbart das \u00fcber sie? Wie forderte Paulus K\u00f6nig Agrippa heraus? Was k\u00f6nnen wir von ihm lernen?<\/li>\n<\/ol>\n","protected":false},"excerpt":{"rendered":"<p>Download Wegen der Hoffnung auf die Verhei\u00dfung \u201eUnd nun stehe ich hier und werde angeklagt wegen der Hoffnung auf die Verhei\u00dfung, die unsern V\u00e4tern von Gott gegeben ist.\u201c (26,6) Lies die Verse 25,1-12. Wie behandelte der neue Statthalter Festus den Fall von Paulus? Warum berief sich Paulus auf den Kaiser (19,21; 23,11)? Denke \u00fcber Gottes [&hellip;]<\/p>\n","protected":false},"author":14,"featured_media":0,"comment_status":"open","ping_status":"closed","sticky":false,"template":"","format":"standard","meta":{"ngg_post_thumbnail":0,"footnotes":""},"categories":[14,3],"tags":[],"class_list":["post-6823","post","type-post","status-publish","format-standard","hentry","category-apostelgeschichte","category-fragebogen"],"_links":{"self":[{"href":"https:\/\/ubfheidelberg.org\/Wordpress\/wp-json\/wp\/v2\/posts\/6823","targetHints":{"allow":["GET"]}}],"collection":[{"href":"https:\/\/ubfheidelberg.org\/Wordpress\/wp-json\/wp\/v2\/posts"}],"about":[{"href":"https:\/\/ubfheidelberg.org\/Wordpress\/wp-json\/wp\/v2\/types\/post"}],"author":[{"embeddable":true,"href":"https:\/\/ubfheidelberg.org\/Wordpress\/wp-json\/wp\/v2\/users\/14"}],"replies":[{"embeddable":true,"href":"https:\/\/ubfheidelberg.org\/Wordpress\/wp-json\/wp\/v2\/comments?post=6823"}],"version-history":[{"count":1,"href":"https:\/\/ubfheidelberg.org\/Wordpress\/wp-json\/wp\/v2\/posts\/6823\/revisions"}],"predecessor-version":[{"id":6825,"href":"https:\/\/ubfheidelberg.org\/Wordpress\/wp-json\/wp\/v2\/posts\/6823\/revisions\/6825"}],"wp:attachment":[{"href":"https:\/\/ubfheidelberg.org\/Wordpress\/wp-json\/wp\/v2\/media?parent=6823"}],"wp:term":[{"taxonomy":"category","embeddable":true,"href":"https:\/\/ubfheidelberg.org\/Wordpress\/wp-json\/wp\/v2\/categories?post=6823"},{"taxonomy":"post_tag","embeddable":true,"href":"https:\/\/ubfheidelberg.org\/Wordpress\/wp-json\/wp\/v2\/tags?post=6823"}],"curies":[{"name":"wp","href":"https:\/\/api.w.org\/{rel}","templated":true}]}}