{"id":6817,"date":"2016-11-13T12:00:09","date_gmt":"2016-11-13T11:00:09","guid":{"rendered":"https:\/\/ubfheidelberg.org\/?p=6817"},"modified":"2022-11-18T12:21:25","modified_gmt":"2022-11-18T11:21:25","slug":"fragebogen-apostelgeschichte-211-2230","status":"publish","type":"post","link":"https:\/\/ubfheidelberg.org\/Wordpress\/fragebogen-apostelgeschichte-211-2230\/","title":{"rendered":"Fragebogen: Apostelgeschichte 21,1 &#8211; 22,30"},"content":{"rendered":"<p style=\"text-align: left;\"><a href=\"https:\/\/ubfheidelberg.org\/Wordpress\/wp-content\/uploads\/2016\/11\/Apg15F2101-2230.doc\"><strong>Download<\/strong><\/a><\/p>\n<h2 style=\"text-align: center;\">Paulus\u2019 Zeugnis vor den Juden<\/h2>\n<h3 style=\"text-align: center;\">\u201eUnd er sprach zu mir: Geh hin; denn ich will dich in die Ferne zu den Heiden senden.\u201c<\/h3>\n<p style=\"text-align: center;\">(22,21)<\/p>\n<ol>\n<li>Lies die Verse 21,1-16. Verfolge Paulus\u2019 Reise nach Jerusalem. Worum baten die J\u00fcnger in Tyrus und die Knechte Gottes in C\u00e4sarea Paulus? Warum wollte er trotzdem nach Jerusalem gehen?<\/li>\n<li>Lies die Verse 17-26. Wie wurden Paulus und seine Begleiter in Jerusalem empfangen? Was war die Sorge der \u00c4ltesten und wie wollten sie dies l\u00f6sen? Wie entsprach er ihrer Bitte und weshalb?<\/li>\n<li>Lies die Verse 27-22,5. Weswegen erregten die Juden das Volk im Tempel und was taten sie mit Paulus? Wie bekam Paulus die Erlaubnis, zur Menge zu sprechen? Wie beschrieb er seine Legitimation als Jude und warum? Was hatte er in seinem Eifer f\u00fcr Gott getan (1-5)? Wie machten seine Mitjuden denselben Fehler und wieso?<\/li>\n<li>Lies die Verse 6-11. Wie beschrieb Paulus seine Begegnung mit Jesus und weshalb? Wie half ihm Hananias? Was bedeutet es, dass Paulus blind war und wieder sehend wurde? Welche Gnade und Auftrag von Gott bekam er (14.15)?<\/li>\n<li>Lies die Verse 17-22. Welche Orientierung gab ihm Jesus, als er wieder nach Jerusalem kam? Wodurch wird sein zerbrochenes Herz f\u00fcr sein eigenes Volk offenbart (20,22-24; 21,13)? Warum verlie\u00df er Jerusalem und ging zu den Heiden? Was an seinem Zeugnis ver\u00e4rgerte sie?<\/li>\n<li>Lies die Verse 23-30. Was lie\u00df der Oberst anordnen, und wie wurde die Anordnung aufgehoben? Warum stellte ihn der Oberst vor den Hohen Rat?<\/li>\n<\/ol>\n","protected":false},"excerpt":{"rendered":"<p>Download Paulus\u2019 Zeugnis vor den Juden \u201eUnd er sprach zu mir: Geh hin; denn ich will dich in die Ferne zu den Heiden senden.\u201c (22,21) Lies die Verse 21,1-16. Verfolge Paulus\u2019 Reise nach Jerusalem. Worum baten die J\u00fcnger in Tyrus und die Knechte Gottes in C\u00e4sarea Paulus? Warum wollte er trotzdem nach Jerusalem gehen? Lies [&hellip;]<\/p>\n","protected":false},"author":14,"featured_media":0,"comment_status":"open","ping_status":"closed","sticky":false,"template":"","format":"standard","meta":{"ngg_post_thumbnail":0,"footnotes":""},"categories":[14,3],"tags":[],"class_list":["post-6817","post","type-post","status-publish","format-standard","hentry","category-apostelgeschichte","category-fragebogen"],"_links":{"self":[{"href":"https:\/\/ubfheidelberg.org\/Wordpress\/wp-json\/wp\/v2\/posts\/6817","targetHints":{"allow":["GET"]}}],"collection":[{"href":"https:\/\/ubfheidelberg.org\/Wordpress\/wp-json\/wp\/v2\/posts"}],"about":[{"href":"https:\/\/ubfheidelberg.org\/Wordpress\/wp-json\/wp\/v2\/types\/post"}],"author":[{"embeddable":true,"href":"https:\/\/ubfheidelberg.org\/Wordpress\/wp-json\/wp\/v2\/users\/14"}],"replies":[{"embeddable":true,"href":"https:\/\/ubfheidelberg.org\/Wordpress\/wp-json\/wp\/v2\/comments?post=6817"}],"version-history":[{"count":1,"href":"https:\/\/ubfheidelberg.org\/Wordpress\/wp-json\/wp\/v2\/posts\/6817\/revisions"}],"predecessor-version":[{"id":6819,"href":"https:\/\/ubfheidelberg.org\/Wordpress\/wp-json\/wp\/v2\/posts\/6817\/revisions\/6819"}],"wp:attachment":[{"href":"https:\/\/ubfheidelberg.org\/Wordpress\/wp-json\/wp\/v2\/media?parent=6817"}],"wp:term":[{"taxonomy":"category","embeddable":true,"href":"https:\/\/ubfheidelberg.org\/Wordpress\/wp-json\/wp\/v2\/categories?post=6817"},{"taxonomy":"post_tag","embeddable":true,"href":"https:\/\/ubfheidelberg.org\/Wordpress\/wp-json\/wp\/v2\/tags?post=6817"}],"curies":[{"name":"wp","href":"https:\/\/api.w.org\/{rel}","templated":true}]}}