{"id":630,"date":"2010-01-03T21:46:24","date_gmt":"2010-01-03T20:46:24","guid":{"rendered":"http:\/\/ubfheidelberg.org\/?p=630"},"modified":"2023-01-29T20:30:02","modified_gmt":"2023-01-29T19:30:02","slug":"fragebogen-roemer-18-32","status":"publish","type":"post","link":"https:\/\/ubfheidelberg.org\/Wordpress\/fragebogen-roemer-18-32\/","title":{"rendered":"Fragebogen: R\u00f6mer 1,8-32"},"content":{"rendered":"<p><a href=\"https:\/\/ubfheidelberg.org\/Wordpress\/wp-content\/uploads\/2010\/01\/F-R\u00f6m010832.doc\">Download<\/a><\/p>\n<h2 style=\"font-size: 1.5em; text-align: center;\">Das\u00a0 Evangelium,\u00a0 eine\u00a0 Kraft\u00a0 Gottes<\/h2>\n<address style=\"text-align: center;\">\u201eDenn ich sch\u00e4me mich des Evangeliums nicht; denn es ist eine Kraft Gottes, die selig macht alle, die daran glauben, die Juden zuerst und ebenso die Griechen.\u201c<\/address>\n<address style=\"text-align: center;\">(1,16)<\/address>\n<p align=\"center\">\n<p>1. Was war Paulus\u00b4 Dankanliegen (8)?\u00a0 Was tat er ohne Unterlass f\u00fcr die Gl\u00e4ubigen in Rom (9.10a)? \u00a0Was waren seine Vision und seine Gebetsanliegen (10b; Apg1,8; 19,21)?<\/p>\n<p>2. Warum verlangte Paulus so sehr danach, die Gl\u00e4ubigen in Rom zu sehen (11)?\u00a0 Was bedeutet \u201edie geistlicher Gabe\u201c?\u00a0 Wozu wollte er sie mit geistlicher Gabe st\u00e4rken (12.13)?<\/p>\n<p>3. Was war Paulus\u00b4 Motiv, aus dem er nach Rom gehen und das Evangelium predigen wollte (14.15; 1.Kor 15,9.10; 1.Tim 1,13-16)?\u00a0 Erl\u00e4utere die Bedeutung von \u201eIch bin ein Schuldner\u201c.<\/p>\n<p>4. In welcher Hinsicht k\u00f6nnten die Gl\u00e4ubigen in Rom sich des Evangeliums gesch\u00e4mt haben (1.Kor 1,22.23)?\u00a0 Warum hat aber Paulus sich des Evangeliums nicht gesch\u00e4mt (16)?\u00a0 Finde Beispiele, die zeigen, dass Paulus sich des Evangeliums nicht gesch\u00e4mt hat.<\/p>\n<p>5. Beschreibe die Welt, die die Errettung n\u00f6tig hat (18-32; Lk 1,71.79; 4,18).\u00a0 Erl\u00e4utere die rettende Kraft Gottes (Sach 4,6; 1.Kor 15,9.10; Apg 19,8-22).<\/p>\n<p>6. Was wird in dem Evangelium offenbart (17)?\u00a0 Was bedeutet \u201edie Gerechtigkeit, die vor Gott gilt\u201c?\u00a0 Wie k\u00f6nnen wir diese Gerechtigkeit erlangen?<\/p>\n","protected":false},"excerpt":{"rendered":"<p>Download Das\u00a0 Evangelium,\u00a0 eine\u00a0 Kraft\u00a0 Gottes \u201eDenn ich sch\u00e4me mich des Evangeliums nicht; denn es ist eine Kraft Gottes, die selig macht alle, die daran glauben, die Juden zuerst und ebenso die Griechen.\u201c (1,16) 1. Was war Paulus\u00b4 Dankanliegen (8)?\u00a0 Was tat er ohne Unterlass f\u00fcr die Gl\u00e4ubigen in Rom (9.10a)? \u00a0Was waren seine Vision [&hellip;]<\/p>\n","protected":false},"author":14,"featured_media":0,"comment_status":"open","ping_status":"closed","sticky":false,"template":"","format":"standard","meta":{"ngg_post_thumbnail":0,"footnotes":""},"categories":[3,31],"tags":[],"class_list":["post-630","post","type-post","status-publish","format-standard","hentry","category-fragebogen","category-roemerbrief"],"_links":{"self":[{"href":"https:\/\/ubfheidelberg.org\/Wordpress\/wp-json\/wp\/v2\/posts\/630","targetHints":{"allow":["GET"]}}],"collection":[{"href":"https:\/\/ubfheidelberg.org\/Wordpress\/wp-json\/wp\/v2\/posts"}],"about":[{"href":"https:\/\/ubfheidelberg.org\/Wordpress\/wp-json\/wp\/v2\/types\/post"}],"author":[{"embeddable":true,"href":"https:\/\/ubfheidelberg.org\/Wordpress\/wp-json\/wp\/v2\/users\/14"}],"replies":[{"embeddable":true,"href":"https:\/\/ubfheidelberg.org\/Wordpress\/wp-json\/wp\/v2\/comments?post=630"}],"version-history":[{"count":3,"href":"https:\/\/ubfheidelberg.org\/Wordpress\/wp-json\/wp\/v2\/posts\/630\/revisions"}],"predecessor-version":[{"id":11164,"href":"https:\/\/ubfheidelberg.org\/Wordpress\/wp-json\/wp\/v2\/posts\/630\/revisions\/11164"}],"wp:attachment":[{"href":"https:\/\/ubfheidelberg.org\/Wordpress\/wp-json\/wp\/v2\/media?parent=630"}],"wp:term":[{"taxonomy":"category","embeddable":true,"href":"https:\/\/ubfheidelberg.org\/Wordpress\/wp-json\/wp\/v2\/categories?post=630"},{"taxonomy":"post_tag","embeddable":true,"href":"https:\/\/ubfheidelberg.org\/Wordpress\/wp-json\/wp\/v2\/tags?post=630"}],"curies":[{"name":"wp","href":"https:\/\/api.w.org\/{rel}","templated":true}]}}