{"id":4520,"date":"2016-08-07T12:00:03","date_gmt":"2016-08-07T10:00:03","guid":{"rendered":"https:\/\/ubfheidelberg.org\/?p=4520"},"modified":"2022-11-18T12:21:28","modified_gmt":"2022-11-18T11:21:28","slug":"fragebogen-apostelgeschichte-41-31","status":"publish","type":"post","link":"https:\/\/ubfheidelberg.org\/Wordpress\/fragebogen-apostelgeschichte-41-31\/","title":{"rendered":"Fragebogen: Apostelgeschichte 4,1 &#8211; 31"},"content":{"rendered":"<p><strong><a href=\"https:\/\/ubfheidelberg.org\/Wordpress\/wp-content\/uploads\/2016\/08\/Apg04F0401-0431.doc\">Download<\/a><\/strong><\/p>\n<h2 style=\"text-align: center;\"><strong>Im Namen Jesu Christi von Nazareth (II)<\/strong><\/h2>\n<h3 style=\"text-align: center;\">\u201eso sei euch und dem ganzen Volk Israel kundgetan: Im Namen Jesu Christi von Nazareth, den ihr gekreuzigt habt, den Gott von den Toten auferweckt hat; durch ihn steht dieser hier gesund vor euch.\u201c<\/h3>\n<p style=\"text-align: center;\">(10)<\/p>\n<p>1. Lies die Verse 1-3. Wer trat zu Petrus und Johannes und warum? Was war das Resultat, als viele das Wort durch die Apostel geh\u00f6rt hatten (4)?<\/p>\n<p>2. Vor wen wurden die Apostel am n\u00e4chsten Tag gestellt und wonach wurden sie gefragt (5-7)? Lies die Verse 8-12. Was bezeugte Petrus und auf welche Weise? Was bedeutete sein Zeugnis? Wie hatten die religi\u00f6sen Leiter Jesus behandelt? Wozu wurde Jesus aber? Wie bezeugte er die Tatsache, dass Jesus allein der Retter ist (10.12)?<\/p>\n<p>3. Warum wunderten sich die Oberen der Juden \u00fcber die Apostel (13)? Warum konnten sie nichts gegen sie sagen (14)? Was verr\u00e4t ihre Drohung \u00fcber sie (15-18)?<\/p>\n<p>4. Welche Reaktion zeigten die Apostel (19.20)? Was k\u00f6nnen wir von ihnen lernen? Was taten die Oberen mit den Aposteln und warum (21.22)?<\/p>\n<p>5. Was taten die beiden Apostel nach ihrer Freilassung (23)? Wie reagierten die Gl\u00e4ubigen darauf (24a)? Was glaubten sie von Gott (24b)?<\/p>\n<p>6. Wie betrachteten sie die Verfolgung durch die religi\u00f6sen Leiter (25-28)? Was war ihr Gebetsanliegen (29.30)? Was war Gottes Antwort auf ihr Gebet (31)?<\/p>\n","protected":false},"excerpt":{"rendered":"<p>Download Im Namen Jesu Christi von Nazareth (II) \u201eso sei euch und dem ganzen Volk Israel kundgetan: Im Namen Jesu Christi von Nazareth, den ihr gekreuzigt habt, den Gott von den Toten auferweckt hat; durch ihn steht dieser hier gesund vor euch.\u201c (10) 1. Lies die Verse 1-3. Wer trat zu Petrus und Johannes und [&hellip;]<\/p>\n","protected":false},"author":14,"featured_media":0,"comment_status":"open","ping_status":"closed","sticky":false,"template":"","format":"standard","meta":{"ngg_post_thumbnail":0,"footnotes":""},"categories":[14,3],"tags":[],"class_list":["post-4520","post","type-post","status-publish","format-standard","hentry","category-apostelgeschichte","category-fragebogen"],"_links":{"self":[{"href":"https:\/\/ubfheidelberg.org\/Wordpress\/wp-json\/wp\/v2\/posts\/4520","targetHints":{"allow":["GET"]}}],"collection":[{"href":"https:\/\/ubfheidelberg.org\/Wordpress\/wp-json\/wp\/v2\/posts"}],"about":[{"href":"https:\/\/ubfheidelberg.org\/Wordpress\/wp-json\/wp\/v2\/types\/post"}],"author":[{"embeddable":true,"href":"https:\/\/ubfheidelberg.org\/Wordpress\/wp-json\/wp\/v2\/users\/14"}],"replies":[{"embeddable":true,"href":"https:\/\/ubfheidelberg.org\/Wordpress\/wp-json\/wp\/v2\/comments?post=4520"}],"version-history":[{"count":1,"href":"https:\/\/ubfheidelberg.org\/Wordpress\/wp-json\/wp\/v2\/posts\/4520\/revisions"}],"predecessor-version":[{"id":4522,"href":"https:\/\/ubfheidelberg.org\/Wordpress\/wp-json\/wp\/v2\/posts\/4520\/revisions\/4522"}],"wp:attachment":[{"href":"https:\/\/ubfheidelberg.org\/Wordpress\/wp-json\/wp\/v2\/media?parent=4520"}],"wp:term":[{"taxonomy":"category","embeddable":true,"href":"https:\/\/ubfheidelberg.org\/Wordpress\/wp-json\/wp\/v2\/categories?post=4520"},{"taxonomy":"post_tag","embeddable":true,"href":"https:\/\/ubfheidelberg.org\/Wordpress\/wp-json\/wp\/v2\/tags?post=4520"}],"curies":[{"name":"wp","href":"https:\/\/api.w.org\/{rel}","templated":true}]}}