{"id":3860,"date":"2016-05-08T12:00:47","date_gmt":"2016-05-08T10:00:47","guid":{"rendered":"https:\/\/ubfheidelberg.org\/?p=3860"},"modified":"2022-11-18T12:21:34","modified_gmt":"2022-11-18T11:21:34","slug":"fragebogen-johannes-171-26-sonderlektion","status":"publish","type":"post","link":"https:\/\/ubfheidelberg.org\/Wordpress\/fragebogen-johannes-171-26-sonderlektion\/","title":{"rendered":"Fragebogen: Johannes 17,1 &#8211; 26 (Sonderlektion)"},"content":{"rendered":"<p style=\"text-align: left;\"><a href=\"https:\/\/ubfheidelberg.org\/Wordpress\/wp-content\/uploads\/2016\/05\/SL2016-Joh17.doc\"><strong>Download<\/strong><\/a><\/p>\n<h2 style=\"text-align: center;\">Damit sie alle eins seien<\/h2>\n<h3 style=\"text-align: center;\">\u201e&#8230; damit sie alle eins seien. Wie du, Vater, in mir bist und ich in dir, so sollen auch sie in uns sein, damit die Welt glaube, dass du mich gesandt hast.\u201c<\/h3>\n<p style=\"text-align: center;\">(17,21)<\/p>\n<p>1. Worauf bezieht sich im Vers 1 \u201edie Stunde\u201c (Joh\u00a01,29)? Wof\u00fcr betete Jesus angesichts dieser Stunde und was bedeutete das f\u00fcr ihn?<\/p>\n<p>2. Welche Macht ist Jesus gegeben und wie gebraucht er diese (2; Mt 11,27; Mt 28,18)? Was sagt Vers 3 \u00fcber das ewige Leben? Wie hatte Jesus Gott verherrlicht, w\u00e4hrend er auf der Erde war? Wof\u00fcr betet er nun im Vers 5?<\/p>\n<p>3. Lies die Verse 6-8. Wie fasste Jesus sein Werk auf Erden zusammen? Wie hatte Jesus seinen J\u00fcngern Gott offenbart und was hatten sie dadurch erkannt?<\/p>\n<p>4. Lies die Verse 9-12. Was bedeutet es, dass die J\u00fcnger Gott geh\u00f6ren? Wie wurde Jesus in ihnen verherrlicht? Wie betete Jesus f\u00fcr sie (11b.12)?<\/p>\n<p>5. Mit welchem Anliegen betete Jesus im Vers 13 f\u00fcr seine J\u00fcnger? Wie war ihr Verh\u00e4ltnis zur Welt (14-16)? Wie sollten sie geheiligt werden (17.19)? Welchen Auftrag hatte Jesus f\u00fcr sie (18; Mt 28,19.20)?<\/p>\n<p>6. Lies die Verse 20-23. F\u00fcr wen betete Jesus nun? Mit welchem Anliegen betet er f\u00fcr sie? Was sagt Jesus hier \u00fcber die Grundlage und \u00fcber das Ma\u00df an Einheit, das er sich w\u00fcnscht? Warum ist Jesus Einheit der Gl\u00e4ubigen so wichtig, und wie kann sie erreicht werden (23; Joh 13,34.35; Eph 4,1-6.15; Kol 3,12-14)? Welche Bedeutung hat dieses Anliegen f\u00fcr dich und wie kannst du daf\u00fcr beten und beitragen? Was sagt Jesus in den Versen 24-26 weiter \u00fcber sich und seinen Wunsch f\u00fcr die J\u00fcnger?<\/p>\n","protected":false},"excerpt":{"rendered":"<p>Download Damit sie alle eins seien \u201e&#8230; damit sie alle eins seien. Wie du, Vater, in mir bist und ich in dir, so sollen auch sie in uns sein, damit die Welt glaube, dass du mich gesandt hast.\u201c (17,21) 1. Worauf bezieht sich im Vers 1 \u201edie Stunde\u201c (Joh\u00a01,29)? Wof\u00fcr betete Jesus angesichts dieser Stunde [&hellip;]<\/p>\n","protected":false},"author":14,"featured_media":0,"comment_status":"open","ping_status":"closed","sticky":false,"template":"","format":"standard","meta":{"ngg_post_thumbnail":0,"footnotes":""},"categories":[3,16,11],"tags":[],"class_list":["post-3860","post","type-post","status-publish","format-standard","hentry","category-fragebogen","category-johannes","category-sonderlektion"],"_links":{"self":[{"href":"https:\/\/ubfheidelberg.org\/Wordpress\/wp-json\/wp\/v2\/posts\/3860","targetHints":{"allow":["GET"]}}],"collection":[{"href":"https:\/\/ubfheidelberg.org\/Wordpress\/wp-json\/wp\/v2\/posts"}],"about":[{"href":"https:\/\/ubfheidelberg.org\/Wordpress\/wp-json\/wp\/v2\/types\/post"}],"author":[{"embeddable":true,"href":"https:\/\/ubfheidelberg.org\/Wordpress\/wp-json\/wp\/v2\/users\/14"}],"replies":[{"embeddable":true,"href":"https:\/\/ubfheidelberg.org\/Wordpress\/wp-json\/wp\/v2\/comments?post=3860"}],"version-history":[{"count":3,"href":"https:\/\/ubfheidelberg.org\/Wordpress\/wp-json\/wp\/v2\/posts\/3860\/revisions"}],"predecessor-version":[{"id":3864,"href":"https:\/\/ubfheidelberg.org\/Wordpress\/wp-json\/wp\/v2\/posts\/3860\/revisions\/3864"}],"wp:attachment":[{"href":"https:\/\/ubfheidelberg.org\/Wordpress\/wp-json\/wp\/v2\/media?parent=3860"}],"wp:term":[{"taxonomy":"category","embeddable":true,"href":"https:\/\/ubfheidelberg.org\/Wordpress\/wp-json\/wp\/v2\/categories?post=3860"},{"taxonomy":"post_tag","embeddable":true,"href":"https:\/\/ubfheidelberg.org\/Wordpress\/wp-json\/wp\/v2\/tags?post=3860"}],"curies":[{"name":"wp","href":"https:\/\/api.w.org\/{rel}","templated":true}]}}