{"id":3853,"date":"2016-04-24T12:00:40","date_gmt":"2016-04-24T10:00:40","guid":{"rendered":"https:\/\/ubfheidelberg.org\/?p=3853"},"modified":"2022-11-18T12:21:35","modified_gmt":"2022-11-18T11:21:35","slug":"fragfragebogen-matthaeus-1422-33-sonderlektion","status":"publish","type":"post","link":"https:\/\/ubfheidelberg.org\/Wordpress\/fragfragebogen-matthaeus-1422-33-sonderlektion\/","title":{"rendered":"Fragebogen: Matth\u00e4us 14,22 &#8211; 33 (Sonderlektion)"},"content":{"rendered":"<p><a href=\"https:\/\/ubfheidelberg.org\/Wordpress\/wp-content\/uploads\/2016\/04\/Mt14-2233_SL2016.doc\"><strong>Download<\/strong><\/a><\/p>\n<h2 style=\"text-align: center;\">Jesus und Petrus auf dem See<\/h2>\n<h3 style=\"text-align: center;\">\u201eUnd er sprach: Komm her! Und Petrus stieg aus dem Boot und ging auf dem Wasser und kam auf Jesus zu.\u201c<\/h3>\n<p style=\"text-align: center;\">Mt 14,29<\/p>\n<p>1. Beachte den Kontext dieses Ereignisses (15-21). Warum fuhren die J\u00fcnger vor Jesus \u00fcber den See (22)? Was tat Jesus (23)? Wie gerieten die J\u00fcnger in Not (24)? Inwiefern sind der Gegenwind und die Not der J\u00fcnger auf dem See ein Sinnbild f\u00fcr N\u00f6te, in die wir im Glaubensleben geraten k\u00f6nnen? Welche Beispiele fallen dir ein?<\/p>\n<p>2. Wann und wie kam Jesus zu ihnen (25)? Was zeigt das \u00fcber ihn? Wie reagierten die J\u00fcnger, als sie Jesus sahen, und warum (26)? Wie half Jesus ihnen (27)? Denke \u00fcber das Problem der Furcht nach (Gr\u00fcnde, Auswirkungen) und dar\u00fcber, wie Jesus es allein l\u00f6st.<\/p>\n<p>3. Warum bat Petrus Jesus, ihm zu befehlen, auf dem Wasser zu ihm zu kommen (28)? Wie reagierte Jesus auf seinen Wunsch und warum? Was konnte Petrus tun, als er auf Jesus h\u00f6rte und sah (29)? Denke \u00fcber die Macht des Glaubens nach. Inwiefern gleicht unser Glaubensleben einem Gang \u00fcber das Wasser?<\/p>\n<p>4. Was passierte, als Petrus auf den starken Wind sah (30)? Wie reagierte Jesus auf seinen Hilfeschrei (31)? Was zeigt Jesu Hilfe und sein Tadel \u00fcber ihn? Was sagt uns diese Stelle \u00fcber die Ursache und Ernsthaftigkeit von Zweifeln? Welche Erfahrungen hast du damit, \u201eauf dem Wasser\u201c zu gehen?<\/p>\n<p>5. Was passierte, als Jesus mit Petrus in das Boot trat (32)? Was erkannten die J\u00fcnger \u00fcber Jesus (33)?<\/p>\n","protected":false},"excerpt":{"rendered":"<p>Download Jesus und Petrus auf dem See \u201eUnd er sprach: Komm her! Und Petrus stieg aus dem Boot und ging auf dem Wasser und kam auf Jesus zu.\u201c Mt 14,29 1. Beachte den Kontext dieses Ereignisses (15-21). Warum fuhren die J\u00fcnger vor Jesus \u00fcber den See (22)? Was tat Jesus (23)? Wie gerieten die J\u00fcnger [&hellip;]<\/p>\n","protected":false},"author":14,"featured_media":0,"comment_status":"open","ping_status":"closed","sticky":false,"template":"","format":"standard","meta":{"ngg_post_thumbnail":0,"footnotes":""},"categories":[3,20,11],"tags":[],"class_list":["post-3853","post","type-post","status-publish","format-standard","hentry","category-fragebogen","category-matthaeus","category-sonderlektion"],"_links":{"self":[{"href":"https:\/\/ubfheidelberg.org\/Wordpress\/wp-json\/wp\/v2\/posts\/3853","targetHints":{"allow":["GET"]}}],"collection":[{"href":"https:\/\/ubfheidelberg.org\/Wordpress\/wp-json\/wp\/v2\/posts"}],"about":[{"href":"https:\/\/ubfheidelberg.org\/Wordpress\/wp-json\/wp\/v2\/types\/post"}],"author":[{"embeddable":true,"href":"https:\/\/ubfheidelberg.org\/Wordpress\/wp-json\/wp\/v2\/users\/14"}],"replies":[{"embeddable":true,"href":"https:\/\/ubfheidelberg.org\/Wordpress\/wp-json\/wp\/v2\/comments?post=3853"}],"version-history":[{"count":2,"href":"https:\/\/ubfheidelberg.org\/Wordpress\/wp-json\/wp\/v2\/posts\/3853\/revisions"}],"predecessor-version":[{"id":3857,"href":"https:\/\/ubfheidelberg.org\/Wordpress\/wp-json\/wp\/v2\/posts\/3853\/revisions\/3857"}],"wp:attachment":[{"href":"https:\/\/ubfheidelberg.org\/Wordpress\/wp-json\/wp\/v2\/media?parent=3853"}],"wp:term":[{"taxonomy":"category","embeddable":true,"href":"https:\/\/ubfheidelberg.org\/Wordpress\/wp-json\/wp\/v2\/categories?post=3853"},{"taxonomy":"post_tag","embeddable":true,"href":"https:\/\/ubfheidelberg.org\/Wordpress\/wp-json\/wp\/v2\/tags?post=3853"}],"curies":[{"name":"wp","href":"https:\/\/api.w.org\/{rel}","templated":true}]}}