{"id":3751,"date":"2016-02-14T12:00:23","date_gmt":"2016-02-14T11:00:23","guid":{"rendered":"https:\/\/ubfheidelberg.org\/?p=3751"},"modified":"2022-11-18T12:21:57","modified_gmt":"2022-11-18T11:21:57","slug":"fragebogen-lukas-171-19","status":"publish","type":"post","link":"https:\/\/ubfheidelberg.org\/Wordpress\/fragebogen-lukas-171-19\/","title":{"rendered":"Fragebogen: Lukas 17,1 &#8211; 19"},"content":{"rendered":"<p style=\"text-align: left;\"><strong><a href=\"https:\/\/ubfheidelberg.org\/Wordpress\/wp-content\/uploads\/2016\/02\/Lk-F17-0119.doc\">Download<\/a><\/strong><\/p>\n<h2 style=\"text-align: center;\">Vergeben und Danken<\/h2>\n<h3 style=\"text-align: center;\">\u201eH\u00fctet euch! Wenn dein Bruder s\u00fcndigt, so weise ihn zurecht; und wenn er es bereut, vergib ihm.\u201c<\/h3>\n<p style=\"text-align: center;\">(3)<\/p>\n<p>1. Lies die Verse 1 und 2. Warum ist es unm\u00f6glich, dass keine Verf\u00fchrungen kommen? Was bedeutet es, jemanden zum Abfall zu verf\u00fchren? Wen meinte Jesus hier mit den \u201eKleinen\u201c? Wie ernst betrachtet es Jesus, wenn man einen Kleinen zum Abfall verf\u00fchrt?<\/p>\n<p>2. Welches warnende Wort gab er seinen J\u00fcngern (3a)? Was sollen wir tun, wenn unser Bruder s\u00fcndigt (3b)? Was sollen wir dar\u00fcber hinaus tun (3c.4)? Wie k\u00f6nnen wir dies tun?<\/p>\n<p>3. Warum baten die J\u00fcnger um den Glauben (5)? Was machte Jesus ihnen deutlich (6)? Was lehrt das \u00fcber die Kraft des Glaubens?<\/p>\n<p>4. Warum dankt ein Herr seinem Knecht nicht, der mit gro\u00dfer M\u00fche f\u00fcr ihn gearbeitet hat (7-9)? Welche Haltung k\u00f6nnten die J\u00fcnger leicht einnehmen, nachdem sie alles getan haben, was Jesus ihnen befohlen hatte? Welche Haltung sollen sie aber haben (10)?<\/p>\n<p>5. Wer bat Jesus um Hilfe, als er durch Samarien und Galil\u00e4a hin zog (11-13)? Was zeigt dies \u00fcber ihren Glauben? Was befahl Jesus ihnen und warum (13)? Wie gro\u00df muss ihre Begeisterung und Freude an der Heilung gewesen sein (14)?<\/p>\n<p>6. Wer aber von ihnen kehrte zu Jesus zur\u00fcck und dankte ihm (15.16)? Was zeigt das Wort Jesu \u201eSind nicht die zehn rein geworden? Wo sind aber die neun?\u201c \u00fcber sein Herz (17.18)? Wie segnete Jesus den, der ihm dankte? Wie wichtig ist es, Gott zu danken, nachdem wir seine Gnade empfangen haben?<\/p>\n","protected":false},"excerpt":{"rendered":"<p>Download Vergeben und Danken \u201eH\u00fctet euch! Wenn dein Bruder s\u00fcndigt, so weise ihn zurecht; und wenn er es bereut, vergib ihm.\u201c (3) 1. Lies die Verse 1 und 2. Warum ist es unm\u00f6glich, dass keine Verf\u00fchrungen kommen? Was bedeutet es, jemanden zum Abfall zu verf\u00fchren? Wen meinte Jesus hier mit den \u201eKleinen\u201c? Wie ernst betrachtet [&hellip;]<\/p>\n","protected":false},"author":14,"featured_media":0,"comment_status":"open","ping_status":"closed","sticky":false,"template":"","format":"standard","meta":{"ngg_post_thumbnail":0,"footnotes":""},"categories":[3,13],"tags":[],"class_list":["post-3751","post","type-post","status-publish","format-standard","hentry","category-fragebogen","category-lukas"],"_links":{"self":[{"href":"https:\/\/ubfheidelberg.org\/Wordpress\/wp-json\/wp\/v2\/posts\/3751","targetHints":{"allow":["GET"]}}],"collection":[{"href":"https:\/\/ubfheidelberg.org\/Wordpress\/wp-json\/wp\/v2\/posts"}],"about":[{"href":"https:\/\/ubfheidelberg.org\/Wordpress\/wp-json\/wp\/v2\/types\/post"}],"author":[{"embeddable":true,"href":"https:\/\/ubfheidelberg.org\/Wordpress\/wp-json\/wp\/v2\/users\/14"}],"replies":[{"embeddable":true,"href":"https:\/\/ubfheidelberg.org\/Wordpress\/wp-json\/wp\/v2\/comments?post=3751"}],"version-history":[{"count":1,"href":"https:\/\/ubfheidelberg.org\/Wordpress\/wp-json\/wp\/v2\/posts\/3751\/revisions"}],"predecessor-version":[{"id":3753,"href":"https:\/\/ubfheidelberg.org\/Wordpress\/wp-json\/wp\/v2\/posts\/3751\/revisions\/3753"}],"wp:attachment":[{"href":"https:\/\/ubfheidelberg.org\/Wordpress\/wp-json\/wp\/v2\/media?parent=3751"}],"wp:term":[{"taxonomy":"category","embeddable":true,"href":"https:\/\/ubfheidelberg.org\/Wordpress\/wp-json\/wp\/v2\/categories?post=3751"},{"taxonomy":"post_tag","embeddable":true,"href":"https:\/\/ubfheidelberg.org\/Wordpress\/wp-json\/wp\/v2\/tags?post=3751"}],"curies":[{"name":"wp","href":"https:\/\/api.w.org\/{rel}","templated":true}]}}