{"id":284,"date":"2009-09-13T19:46:00","date_gmt":"2009-09-13T18:46:00","guid":{"rendered":"http:\/\/ubfheidelberg.org\/?p=284"},"modified":"2023-01-29T20:22:20","modified_gmt":"2023-01-29T19:22:20","slug":"fragebogen-richter-11-36","status":"publish","type":"post","link":"https:\/\/ubfheidelberg.org\/Wordpress\/fragebogen-richter-11-36\/","title":{"rendered":"Fragebogen: Richter 1,1-3,6"},"content":{"rendered":"<p><a href=\"https:\/\/ubfheidelberg.org\/Wordpress\/wp-content\/uploads\/2009\/09\/Ri-1F_0101-0306.doc\">Download<\/a><\/p>\n<h1 style=\"text-align: center;\">Gott\u00a0 erweckt\u00a0 Richter<\/h1>\n<p align=\"center\"><strong>\u201eWenn aber der Herr ihnen Richter erweckte, so war der Herr mit dem Richter<br \/>\nund errettete sie aus der Hand ihrer Feinde, solange der Richter lebte. Denn es jammerte<br \/>\nden Herrn ihr Wehklagen \u00fcber die, die sie unterdr\u00fcckten und bedr\u00e4ngten.\u201d<\/strong><\/p>\n<p align=\"center\">(Ri 2,18)<\/p>\n<p><strong>I. <\/strong><strong>Die Probleme der n\u00e4chsten Generation (1,1-2,10)<\/strong><\/p>\n<p>1. \u00a0 \u00a0 \u00a0 \u00a0Wor\u00fcber befragten die Israeliten den Herrn nach dem Tod Josuas (1)?\u00a0 Was antwortete Gott darauf (2)?\u00a0 Um welche Hilfe bat Juda Simeon (3)?\u00a0 Was eroberten sie (4-10)?<\/p>\n<p>2.\u00a0\u00a0\u00a0\u00a0\u00a0\u00a0 Wie konnte Kaleb Kirjat-Sefer einnehmen (11-15; Jos 15,13-19)?\u00a0 Welches Gebiet eroberte Juda und welches nicht (16-20)?\u00a0 Warum wohnten die Jebusiter bei Benjamin in Jerusalem (21)?<\/p>\n<p>3.\u00a0\u00a0\u00a0\u00a0\u00a0\u00a0 Welches Gebiet eroberte Josef (22-26)?\u00a0 Welche V\u00f6lker vertrieben Manasse und Ephraim nicht (27-29)?\u00a0 Welche V\u00f6lker vertrieben Sebulon und Ephraim nicht (30-33)?\u00a0 Warum konnten die Daniter nicht in der Ebene wohnen (34-36)?\u00a0 Warum vertrieben sie die Einheimischen nicht (19.28.30.32; Jos 1,14-16; 18,1-4)?\u00a0 Welche Vor- und Nachteile hatte es, dass die Israeliten nicht gemeinsam, sondern stammweise handelten?<\/p>\n<p>4.\u00a0\u00a0\u00a0\u00a0\u00a0\u00a0 Woran erinnerte der Engel des Herrn, der von Gilgal nach Bochim heraufkam, das Volk und was tadelte er (2,1.2)?\u00a0 Wie war es bei Israel zu solch einem leichtsinnigen Handeln gekommen?\u00a0 Was w\u00fcrden sie sich deswegen zuziehen (3-5)?<\/p>\n<p>5.\u00a0\u00a0\u00a0\u00a0\u00a0\u00a0 Welche Probleme entstanden, nachdem Josua und seine Generation gestorben waren (6-10)?\u00a0 Welcher Unterschied besteht in dieser Hinsicht zwischen der Generation der Pioniere und der n\u00e4chsten Generation?<\/p>\n<p><strong>II.\u00a0\u00a0\u00a0\u00a0\u00a0\u00a0 Gott lehrt das Volk, Krieg zu f\u00fchren (2,11-3,6)<\/strong><\/p>\n<p>6.\u00a0\u00a0\u00a0\u00a0\u00a0\u00a0 Was taten die Israeliten, was dem Herrn missfiel (11-13)?\u00a0 Wie bestrafte Gott sie (14.15)?<\/p>\n<p>7.\u00a0\u00a0\u00a0\u00a0\u00a0\u00a0 Was taten die Richter, die Gott erweckte (16)?\u00a0 Was war aber die S\u00fcnde der Israeliten (17)?\u00a0 Was sagen die Verse 18 und 19 \u00fcber Gottes Errettung und die S\u00fcnde der Israeliten?<\/p>\n<p>8.\u00a0\u00a0\u00a0\u00a0\u00a0\u00a0 Was war Gottes Strafe f\u00fcr sie (20.21)?\u00a0 Welche weitere Bedeutung hat das noch (22.23; 3,1.2)?\u00a0 Warum wollte Gott sie Krieg f\u00fchren lehren?\u00a0 Welche V\u00f6lker blieben \u00fcbrig (3-6)?<\/p>\n","protected":false},"excerpt":{"rendered":"<p>Download Gott\u00a0 erweckt\u00a0 Richter \u201eWenn aber der Herr ihnen Richter erweckte, so war der Herr mit dem Richter und errettete sie aus der Hand ihrer Feinde, solange der Richter lebte. Denn es jammerte den Herrn ihr Wehklagen \u00fcber die, die sie unterdr\u00fcckten und bedr\u00e4ngten.\u201d (Ri 2,18) I. Die Probleme der n\u00e4chsten Generation (1,1-2,10) 1. \u00a0 [&hellip;]<\/p>\n","protected":false},"author":14,"featured_media":0,"comment_status":"open","ping_status":"closed","sticky":false,"template":"","format":"standard","meta":{"ngg_post_thumbnail":0,"footnotes":""},"categories":[3,16],"tags":[],"class_list":["post-284","post","type-post","status-publish","format-standard","hentry","category-fragebogen","category-johannes"],"_links":{"self":[{"href":"https:\/\/ubfheidelberg.org\/Wordpress\/wp-json\/wp\/v2\/posts\/284","targetHints":{"allow":["GET"]}}],"collection":[{"href":"https:\/\/ubfheidelberg.org\/Wordpress\/wp-json\/wp\/v2\/posts"}],"about":[{"href":"https:\/\/ubfheidelberg.org\/Wordpress\/wp-json\/wp\/v2\/types\/post"}],"author":[{"embeddable":true,"href":"https:\/\/ubfheidelberg.org\/Wordpress\/wp-json\/wp\/v2\/users\/14"}],"replies":[{"embeddable":true,"href":"https:\/\/ubfheidelberg.org\/Wordpress\/wp-json\/wp\/v2\/comments?post=284"}],"version-history":[{"count":6,"href":"https:\/\/ubfheidelberg.org\/Wordpress\/wp-json\/wp\/v2\/posts\/284\/revisions"}],"predecessor-version":[{"id":11185,"href":"https:\/\/ubfheidelberg.org\/Wordpress\/wp-json\/wp\/v2\/posts\/284\/revisions\/11185"}],"wp:attachment":[{"href":"https:\/\/ubfheidelberg.org\/Wordpress\/wp-json\/wp\/v2\/media?parent=284"}],"wp:term":[{"taxonomy":"category","embeddable":true,"href":"https:\/\/ubfheidelberg.org\/Wordpress\/wp-json\/wp\/v2\/categories?post=284"},{"taxonomy":"post_tag","embeddable":true,"href":"https:\/\/ubfheidelberg.org\/Wordpress\/wp-json\/wp\/v2\/tags?post=284"}],"curies":[{"name":"wp","href":"https:\/\/api.w.org\/{rel}","templated":true}]}}