{"id":266,"date":"2009-09-07T11:31:25","date_gmt":"2009-09-07T10:31:25","guid":{"rendered":"http:\/\/ubfheidelberg.org\/?p=266"},"modified":"2023-01-29T20:22:20","modified_gmt":"2023-01-29T19:22:20","slug":"fragebogen-joh-1227-50","status":"publish","type":"post","link":"https:\/\/ubfheidelberg.org\/Wordpress\/fragebogen-joh-1227-50\/","title":{"rendered":"Fragebogen: Joh 12,27-50"},"content":{"rendered":"<p><a href=\"https:\/\/ubfheidelberg.org\/Wordpress\/wp-content\/uploads\/2009\/09\/J31-P12-2750.doc\">Download<\/a><\/p>\n<p style=\"margin-right: 0cm; margin-top: 0.85cm; margin-bottom: 0.85cm;\" align=\"center\"><span style=\"color: #000000;\"><span style=\"font-family: Arial,Courier New,sans-serif;\"><span style=\"font-size: medium;\"><strong>Vater,  verherrliche  deinen  Namen!<\/strong><\/span><\/span><\/span><\/p>\n<p style=\"margin-right: 0.5cm;\" align=\"center\"><span style=\"color: #000000;\">\u201e<span style=\"font-size: small;\"><span style=\"font-family: Arial,Courier New,sans-serif;\"><span style=\"font-size: x-small;\"><strong>Vater, verherrliche deinen Namen! Da kam eine Stimme vom Himmel:<br \/>\nIch habe ihn verherrlicht und will ihn abermals verherrlichen.\u201c<\/strong><\/span><\/span><span style=\"font-family: Arial,Courier New,sans-serif;\"><span style=\"font-size: x-small;\"><em><strong> <\/strong><\/em><\/span><\/span><\/span><\/span><\/p>\n<p style=\"margin-right: 0.5cm;\" align=\"center\"><span style=\"color: #000000;\"><span style=\"font-size: small;\"><span style=\"font-family: Arial,Courier New,sans-serif;\"><span style=\"font-size: x-small;\">(12,28)<\/span><\/span><\/span><\/span><\/p>\n<p style=\"margin-right: 0.5cm;\" align=\"center\">\n<p style=\"margin-right: 0.5cm;\" align=\"center\">\n<p style=\"margin-left: 0.76cm; margin-right: 0cm; text-indent: -0.76cm;\" align=\"justify\"><span style=\"color: #000000;\"><span style=\"font-size: small;\"><span style=\"font-family: Arial,Courier New,sans-serif;\"><span style=\"font-size: x-small;\">1.\tLies die Verse 27 und 28.  Was sagen sie uns \u00fcber Jesu pers\u00f6nlichen Kampf?  Was war Jesu Herzenswunsch?  Wie best\u00e4tigte Gott seine Entscheidung?<\/span><\/span><\/span><\/span><\/p>\n<p style=\"margin-left: 0.76cm; margin-right: 0cm; text-indent: -0.76cm;\" align=\"justify\">\n<p style=\"margin-left: 0.76cm; margin-right: 0cm; text-indent: -0.76cm;\" align=\"justify\">\n<p style=\"margin-left: 0.76cm; margin-right: 0cm; text-indent: -0.76cm;\" align=\"justify\"><span style=\"color: #000000;\"><span style=\"font-size: small;\"><span style=\"font-family: Arial,Courier New,sans-serif;\"><span style=\"font-size: x-small;\">2.\tLies die Verse 29-33.  Wie vernahmen die Menschen die Stimme vom Himmel?  Was lehrte Jesus \u00fcber die Welt?  Was lehrte Jesus \u00fcber die Art und Weise seines Todes?  Und \u00fcber die Bedeutung seines Todes?  Was bedeutet es, dass der F\u00fcrst dieser Welt ausgesto\u00dfen wird? <\/span><\/span><\/span><\/span><\/p>\n<p style=\"margin-left: 0.76cm; margin-right: 0cm; text-indent: -0.76cm;\" align=\"justify\">\n<p style=\"margin-left: 0.76cm; margin-right: 0cm; text-indent: -0.76cm;\" align=\"justify\">\n<p style=\"margin-left: 0.76cm; margin-right: 0cm; text-indent: -0.76cm;\" align=\"justify\"><span style=\"color: #000000;\"><span style=\"font-size: small;\"><span style=\"font-family: Arial,Courier New,sans-serif;\"><span style=\"font-size: x-small;\">3.\tLies die Verse 34-36.  Was verstand das Volk vom Gesetz, aber was haben sie nicht verstanden?  Was lehrte Jesus sie? Warum ist es n\u00f6tig und wichtig, dass wir im Licht wandeln? <\/span><\/span><\/span><\/span><\/p>\n<p style=\"margin-left: 0.76cm; margin-right: 0cm; text-indent: -0.76cm;\" align=\"justify\">\n<p style=\"margin-left: 0.76cm; margin-right: 0cm; text-indent: -0.76cm;\" align=\"justify\">\n<p style=\"margin-left: 0.76cm; margin-right: 0cm; text-indent: -0.76cm;\" align=\"justify\"><span style=\"color: #000000;\"><span style=\"font-size: small;\"><span style=\"font-family: Arial,Courier New,sans-serif;\"><span style=\"font-size: x-small;\">4.\tLies Vers 37.  Worauf beziehen sich \u201esolche Zeichen\u201c?  Wie reagierten sie darauf? <\/span><\/span><\/span><\/span><\/p>\n<p style=\"margin-left: 0.76cm; margin-right: 0cm; text-indent: -0.76cm;\" align=\"justify\">\n<p style=\"margin-left: 0.76cm; margin-right: 0cm; text-indent: -0.76cm;\" align=\"justify\">\n<p style=\"margin-left: 0.76cm; margin-right: 0cm; text-indent: -0.76cm;\" align=\"justify\"><span style=\"color: #000000;\"><span style=\"font-family: Arial,Courier New,sans-serif;\"><span style=\"font-size: x-small;\">5.\tLies die Verse 38-43.  Welches Licht wirft die Prophezeiung aus Jesaja auf das Problem des Unglaubens?  Was bedeutet &#8222;der Arm des Herrn&#8220; (vgl. Jes 53,1)?  Was berichtet der Verfasser \u00fcber den Glauben der anderen Menschen? <\/span><\/span><\/span><\/p>\n<p style=\"margin-left: 0.76cm; margin-right: 0cm; text-indent: -0.76cm;\" align=\"justify\">\n<p style=\"margin-left: 0.76cm; margin-right: 0cm; text-indent: -0.76cm;\" align=\"justify\">\n<p style=\"margin-left: 0.76cm; margin-right: 0cm; text-indent: -0.76cm;\" align=\"justify\"><span style=\"color: #000000;\"><span style=\"font-family: Arial,Courier New,sans-serif;\"><span style=\"font-size: x-small;\">6.\tLies die Verse 44-50.  Wie k\u00f6nnen wir an Gott glauben?  Was verspricht Jesus denen, die an ihn glauben?  Was lehrte Jesus \u00fcber die Worte, die er verk\u00fcndigt hatte? Welche Grundlage haben seine Worte?<\/span><\/span><\/span><\/p>\n","protected":false},"excerpt":{"rendered":"<p>Download Vater, verherrliche deinen Namen! \u201eVater, verherrliche deinen Namen! Da kam eine Stimme vom Himmel: Ich habe ihn verherrlicht und will ihn abermals verherrlichen.\u201c (12,28) 1. Lies die Verse 27 und 28. Was sagen sie uns \u00fcber Jesu pers\u00f6nlichen Kampf? Was war Jesu Herzenswunsch? Wie best\u00e4tigte Gott seine Entscheidung? 2. Lies die Verse 29-33. Wie [&hellip;]<\/p>\n","protected":false},"author":14,"featured_media":0,"comment_status":"open","ping_status":"closed","sticky":false,"template":"","format":"standard","meta":{"ngg_post_thumbnail":0,"footnotes":""},"categories":[3,16],"tags":[],"class_list":["post-266","post","type-post","status-publish","format-standard","hentry","category-fragebogen","category-johannes"],"_links":{"self":[{"href":"https:\/\/ubfheidelberg.org\/Wordpress\/wp-json\/wp\/v2\/posts\/266","targetHints":{"allow":["GET"]}}],"collection":[{"href":"https:\/\/ubfheidelberg.org\/Wordpress\/wp-json\/wp\/v2\/posts"}],"about":[{"href":"https:\/\/ubfheidelberg.org\/Wordpress\/wp-json\/wp\/v2\/types\/post"}],"author":[{"embeddable":true,"href":"https:\/\/ubfheidelberg.org\/Wordpress\/wp-json\/wp\/v2\/users\/14"}],"replies":[{"embeddable":true,"href":"https:\/\/ubfheidelberg.org\/Wordpress\/wp-json\/wp\/v2\/comments?post=266"}],"version-history":[{"count":8,"href":"https:\/\/ubfheidelberg.org\/Wordpress\/wp-json\/wp\/v2\/posts\/266\/revisions"}],"predecessor-version":[{"id":11186,"href":"https:\/\/ubfheidelberg.org\/Wordpress\/wp-json\/wp\/v2\/posts\/266\/revisions\/11186"}],"wp:attachment":[{"href":"https:\/\/ubfheidelberg.org\/Wordpress\/wp-json\/wp\/v2\/media?parent=266"}],"wp:term":[{"taxonomy":"category","embeddable":true,"href":"https:\/\/ubfheidelberg.org\/Wordpress\/wp-json\/wp\/v2\/categories?post=266"},{"taxonomy":"post_tag","embeddable":true,"href":"https:\/\/ubfheidelberg.org\/Wordpress\/wp-json\/wp\/v2\/tags?post=266"}],"curies":[{"name":"wp","href":"https:\/\/api.w.org\/{rel}","templated":true}]}}