{"id":2656,"date":"2013-08-25T18:29:20","date_gmt":"2013-08-25T16:29:20","guid":{"rendered":"http:\/\/ubfheidelberg.org\/?p=2656"},"modified":"2022-11-18T12:23:11","modified_gmt":"2022-11-18T11:23:11","slug":"fragebogen-offenbarung-91-21","status":"publish","type":"post","link":"https:\/\/ubfheidelberg.org\/Wordpress\/fragebogen-offenbarung-91-21\/","title":{"rendered":"Fragebogen: Offenbarung 9,1 &#8211; 21"},"content":{"rendered":"<p><a href=\"https:\/\/ubfheidelberg.org\/Wordpress\/wp-content\/uploads\/2013\/08\/Offb-F11.doc\"><strong>Download<\/strong><\/a><\/p>\n<h2 style=\"text-align: center;\">Die \u00fcbrigen Leute, die sich doch nicht bekehrten<\/h2>\n<h3 style=\"text-align: center;\">\u201eUnd die \u00fcbrigen Leute, die nicht get\u00f6tet wurden von diesen Plagen, bekehrten sich doch nicht von den Werken ihrer H\u00e4nde, dass sie nicht mehr anbeteten die b\u00f6sen Geister und die goldenen, silbernen, ehernen, steinernen und h\u00f6lzernen G\u00f6tzen, die weder sehen noch h\u00f6ren noch gehen k\u00f6nnen.\u201c<\/h3>\n<p style=\"text-align: center;\">(9,20)<\/p>\n<p>&nbsp;<\/p>\n<p>1. Was geschah, als der f\u00fcnfte Engel seine Posaune blies (1)? F\u00fcr wen steht dieser Stern? Was ist \u201eder Brunnen des Abgrunds\u201c (Lukas 8,31; Psalm 63,10)? Was besagt es, dass dem Engel der Schl\u00fcssel gegeben wurde? Was geschah, als er den Brunnen des Abgrunds auftat (2.3)?<\/p>\n<p>2. Was wurde den Heuschrecken gesagt (4)? Wer waren die Menschen, die das Siegel Gottes nicht an ihren Stirnen haben? Warum sollten sie nicht get\u00f6tet werden, und was geschah an ihnen (5.6; 2. Mose 9,4)? Welche Bedeutung hat es, das Siegel Gottes zu haben (Offenbarung 7,2.3)?<\/p>\n<p>3. Wie sahen die Heuschrecken aus (7-10)? Was wird durch dieses Bild vermittelt? Wer war ihr K\u00f6nig (11)? Wie viele Plagen w\u00fcrden noch folgen (12)?<\/p>\n<p>4. Woher kam die Stimme, als der sechste Engel seine Posaune blies, und was bedeutet das (13.14)? Was geschah mit den vier Engeln, und wozu (15)? Wie gro\u00df war die Zahl des reitenden Heeres (16)? Was sah der Verfasser in dieser Erscheinung (17)?<\/p>\n<p>5. Wie viele Menschen starben durch diese drei Plagen (18.19)? Wie reagierten die \u00fcbrigen Leute, die nicht von diesen Plagen get\u00f6tet worden waren (20.21)? Was ist mit den \u201eWerken ihrer H\u00e4nde\u201c gemeint? Wie sollten die Gl\u00e4ubigen in so einer Zeit leben?<\/p>\n","protected":false},"excerpt":{"rendered":"<p>Download Die \u00fcbrigen Leute, die sich doch nicht bekehrten \u201eUnd die \u00fcbrigen Leute, die nicht get\u00f6tet wurden von diesen Plagen, bekehrten sich doch nicht von den Werken ihrer H\u00e4nde, dass sie nicht mehr anbeteten die b\u00f6sen Geister und die goldenen, silbernen, ehernen, steinernen und h\u00f6lzernen G\u00f6tzen, die weder sehen noch h\u00f6ren noch gehen k\u00f6nnen.\u201c (9,20) [&hellip;]<\/p>\n","protected":false},"author":14,"featured_media":0,"comment_status":"open","ping_status":"closed","sticky":false,"template":"","format":"standard","meta":{"ngg_post_thumbnail":0,"footnotes":""},"categories":[3],"tags":[],"class_list":["post-2656","post","type-post","status-publish","format-standard","hentry","category-fragebogen"],"_links":{"self":[{"href":"https:\/\/ubfheidelberg.org\/Wordpress\/wp-json\/wp\/v2\/posts\/2656","targetHints":{"allow":["GET"]}}],"collection":[{"href":"https:\/\/ubfheidelberg.org\/Wordpress\/wp-json\/wp\/v2\/posts"}],"about":[{"href":"https:\/\/ubfheidelberg.org\/Wordpress\/wp-json\/wp\/v2\/types\/post"}],"author":[{"embeddable":true,"href":"https:\/\/ubfheidelberg.org\/Wordpress\/wp-json\/wp\/v2\/users\/14"}],"replies":[{"embeddable":true,"href":"https:\/\/ubfheidelberg.org\/Wordpress\/wp-json\/wp\/v2\/comments?post=2656"}],"version-history":[{"count":4,"href":"https:\/\/ubfheidelberg.org\/Wordpress\/wp-json\/wp\/v2\/posts\/2656\/revisions"}],"predecessor-version":[{"id":10930,"href":"https:\/\/ubfheidelberg.org\/Wordpress\/wp-json\/wp\/v2\/posts\/2656\/revisions\/10930"}],"wp:attachment":[{"href":"https:\/\/ubfheidelberg.org\/Wordpress\/wp-json\/wp\/v2\/media?parent=2656"}],"wp:term":[{"taxonomy":"category","embeddable":true,"href":"https:\/\/ubfheidelberg.org\/Wordpress\/wp-json\/wp\/v2\/categories?post=2656"},{"taxonomy":"post_tag","embeddable":true,"href":"https:\/\/ubfheidelberg.org\/Wordpress\/wp-json\/wp\/v2\/tags?post=2656"}],"curies":[{"name":"wp","href":"https:\/\/api.w.org\/{rel}","templated":true}]}}