{"id":2231,"date":"2012-10-14T15:32:34","date_gmt":"2012-10-14T14:32:34","guid":{"rendered":"http:\/\/ubfheidelberg.org\/?p=2231"},"modified":"2022-11-18T12:23:37","modified_gmt":"2022-11-18T11:23:37","slug":"fragebogen-matthaus-2617-30","status":"publish","type":"post","link":"https:\/\/ubfheidelberg.org\/Wordpress\/fragebogen-matthaus-2617-30\/","title":{"rendered":"Fragebogen: Matth\u00e4us 26,17 &#8211; 30"},"content":{"rendered":"<p><a href=\"https:\/\/ubfheidelberg.org\/Wordpress\/wp-content\/uploads\/2012\/10\/F11Mt26-1730.doc\"><strong>Download<\/strong><\/a><\/p>\n<h2 style=\"text-align: center;\">Das Blut  des Bundes<\/h2>\n<h3 style=\"text-align: center;\">\u201edas ist mein Blut des Bundes, das vergossen wird f\u00fcr viele zur Vergebung der S\u00fcnden.\u201c<\/h3>\n<p style=\"text-align: center;\">(26,28)<\/p>\n<p><strong> I. Einer unter euch wird mich verraten (17-25)<\/strong><\/p>\n<p>1.\tBeachte die Zeitangabe in Vers 17.  Was fragten die J\u00fcnger?  Was pflegte man \u00fcblicherweise an diesem Tag zu tun?  Welche Bedeutung hatte dies?<\/p>\n<p>2.\tWie lie\u00df Jesus seine J\u00fcnger das Abendmahl vorbereiten (18-20)?  Warum wurde es auf diese Weise vorbereitet?<\/p>\n<p>3.\tWelches Ereignis k\u00fcndigte Jesus beim Abendmahl an (21)?  Warum sagte Jesus ihnen das?  Wie reagierten seine J\u00fcnger darauf (22)?  Wie erkl\u00e4rte Jesus den Verrat und was zeigt das \u00fcber ihn (23-25)?  Wie war es bei Judas dazu gekommen (Joh 6,70.71; 12,4-6; Mt 26,14-16)?<\/p>\n<p><strong>II. Das ist mein Blut des Bundes (26-30)<\/strong><\/p>\n<p>4.\tWas sagte Jesus seinen J\u00fcngern, als sie das Brot a\u00dfen (26)?  Was sagte er, als sie den Kelch tranken (27)?  Was bedeutet es, dass man Jesus isst und trinkt (vgl. vgl. 1.Kor 11,23-26; Joh 6,35.51.53-56; Hebr 9,14.15)?<\/p>\n<p>5.\tBetrachte Vers 28.  Erl\u00e4utere die Bedeutung des Wortes \u201eBund\u201c (vgl. 1.Mose 15,7-21).  Erkl\u00e4re die Bedeutung von &#8222;mein Blut des Bundes&#8220; (28a; 2.Mose 24,8).  Welche Bedeutung hat das Blut, das er vergossen hat, f\u00fcr uns (28b; Hebr 9,12.15)?<\/p>\n<p>6.\tInwiefern gibt das Wort Jesu in Vers 29 seinen J\u00fcngern eine neue Hoffnung?  Womit schlossen Jesus und die J\u00fcnger das Passamahl ab (30)?<\/p>\n","protected":false},"excerpt":{"rendered":"<p>Download Das Blut des Bundes \u201edas ist mein Blut des Bundes, das vergossen wird f\u00fcr viele zur Vergebung der S\u00fcnden.\u201c (26,28) I. Einer unter euch wird mich verraten (17-25) 1. Beachte die Zeitangabe in Vers 17. Was fragten die J\u00fcnger? Was pflegte man \u00fcblicherweise an diesem Tag zu tun? Welche Bedeutung hatte dies? 2. Wie [&hellip;]<\/p>\n","protected":false},"author":14,"featured_media":0,"comment_status":"open","ping_status":"closed","sticky":false,"template":"","format":"standard","meta":{"ngg_post_thumbnail":0,"footnotes":""},"categories":[3],"tags":[],"class_list":["post-2231","post","type-post","status-publish","format-standard","hentry","category-fragebogen"],"_links":{"self":[{"href":"https:\/\/ubfheidelberg.org\/Wordpress\/wp-json\/wp\/v2\/posts\/2231","targetHints":{"allow":["GET"]}}],"collection":[{"href":"https:\/\/ubfheidelberg.org\/Wordpress\/wp-json\/wp\/v2\/posts"}],"about":[{"href":"https:\/\/ubfheidelberg.org\/Wordpress\/wp-json\/wp\/v2\/types\/post"}],"author":[{"embeddable":true,"href":"https:\/\/ubfheidelberg.org\/Wordpress\/wp-json\/wp\/v2\/users\/14"}],"replies":[{"embeddable":true,"href":"https:\/\/ubfheidelberg.org\/Wordpress\/wp-json\/wp\/v2\/comments?post=2231"}],"version-history":[{"count":2,"href":"https:\/\/ubfheidelberg.org\/Wordpress\/wp-json\/wp\/v2\/posts\/2231\/revisions"}],"predecessor-version":[{"id":10982,"href":"https:\/\/ubfheidelberg.org\/Wordpress\/wp-json\/wp\/v2\/posts\/2231\/revisions\/10982"}],"wp:attachment":[{"href":"https:\/\/ubfheidelberg.org\/Wordpress\/wp-json\/wp\/v2\/media?parent=2231"}],"wp:term":[{"taxonomy":"category","embeddable":true,"href":"https:\/\/ubfheidelberg.org\/Wordpress\/wp-json\/wp\/v2\/categories?post=2231"},{"taxonomy":"post_tag","embeddable":true,"href":"https:\/\/ubfheidelberg.org\/Wordpress\/wp-json\/wp\/v2\/tags?post=2231"}],"curies":[{"name":"wp","href":"https:\/\/api.w.org\/{rel}","templated":true}]}}