{"id":2228,"date":"2012-10-21T17:47:08","date_gmt":"2012-10-21T16:47:08","guid":{"rendered":"http:\/\/ubfheidelberg.org\/?p=2228"},"modified":"2022-11-18T12:23:37","modified_gmt":"2022-11-18T11:23:37","slug":"fragebogen-matthaus-2631-46","status":"publish","type":"post","link":"https:\/\/ubfheidelberg.org\/Wordpress\/fragebogen-matthaus-2631-46\/","title":{"rendered":"Fragebogen: Matth\u00e4us 26,31 &#8211; 46"},"content":{"rendered":"<p><a href=\"https:\/\/ubfheidelberg.org\/Wordpress\/wp-content\/uploads\/2012\/10\/F11Mt26-3146.doc\"><strong>Download<\/strong><\/a><\/p>\n<h2 style=\"text-align: center;\">Nicht  wie  ich  will,  sondern  wie  du  willst!<\/h2>\n<h3 style=\"text-align: center;\">\u201eUnd er ging ein wenig weiter, fiel nieder auf sein Angesicht und betete und sprach: Mein Vater, ist\u2019s m\u00f6glich, so gehe dieser Kelch an mir vor\u00fcber; doch nicht wie ich will, sondern wie du willst!\u201c<\/h3>\n<p style=\"text-align: center;\">(26,39)<\/p>\n<p>1.\tWas sagte Jesus \u00fcber sich selbst und seine J\u00fcnger voraus (31)?  Was bedeutete Jesu Verhei\u00dfung in Vers 32 f\u00fcr sie?  Wie reagierte Petrus darauf (33)?  Was sagte Jesus zu ihm und warum nahmen weder Petrus noch die anderen J\u00fcnger dies an (34.35)?<\/p>\n<p>2.\tBetrachte die Verse 36-38.  In welcher Verfassung befand sich Jesus?  Wem vertraute er sich im Garten Gethsemane an und worum bat er sie?<\/p>\n<p>3.\tBetrachte Vers 39.  In welchem Konflikt stand Jesus?  Wof\u00fcr betete er?  Mit welcher Haltung betete Jesus?<\/p>\n<p>4.\tWas taten die J\u00fcnger in dieser Zeit (40)?  Warum forderte Jesus die J\u00fcnger auf, auch mit ihm zu wachen und zu beten (41.43)?  Betrachte Jesu zweites Gebet in Vers 42.  Wie unterscheidet es sich von dem ersten?  Wie beschreibt der Verfasser den geistlichen Kampf Jesu (42-44)?<\/p>\n<p>5. Was sagt das Wort Jesu in den Versen 45 und 46 \u00fcber das Resultat seines Kampfes im Gebet?  Was kannst du von Jesus lernen?<\/p>\n","protected":false},"excerpt":{"rendered":"<p>Download Nicht wie ich will, sondern wie du willst! \u201eUnd er ging ein wenig weiter, fiel nieder auf sein Angesicht und betete und sprach: Mein Vater, ist\u2019s m\u00f6glich, so gehe dieser Kelch an mir vor\u00fcber; doch nicht wie ich will, sondern wie du willst!\u201c (26,39) 1. Was sagte Jesus \u00fcber sich selbst und seine J\u00fcnger [&hellip;]<\/p>\n","protected":false},"author":14,"featured_media":0,"comment_status":"open","ping_status":"closed","sticky":false,"template":"","format":"standard","meta":{"ngg_post_thumbnail":0,"footnotes":""},"categories":[3],"tags":[],"class_list":["post-2228","post","type-post","status-publish","format-standard","hentry","category-fragebogen"],"_links":{"self":[{"href":"https:\/\/ubfheidelberg.org\/Wordpress\/wp-json\/wp\/v2\/posts\/2228","targetHints":{"allow":["GET"]}}],"collection":[{"href":"https:\/\/ubfheidelberg.org\/Wordpress\/wp-json\/wp\/v2\/posts"}],"about":[{"href":"https:\/\/ubfheidelberg.org\/Wordpress\/wp-json\/wp\/v2\/types\/post"}],"author":[{"embeddable":true,"href":"https:\/\/ubfheidelberg.org\/Wordpress\/wp-json\/wp\/v2\/users\/14"}],"replies":[{"embeddable":true,"href":"https:\/\/ubfheidelberg.org\/Wordpress\/wp-json\/wp\/v2\/comments?post=2228"}],"version-history":[{"count":2,"href":"https:\/\/ubfheidelberg.org\/Wordpress\/wp-json\/wp\/v2\/posts\/2228\/revisions"}],"predecessor-version":[{"id":2240,"href":"https:\/\/ubfheidelberg.org\/Wordpress\/wp-json\/wp\/v2\/posts\/2228\/revisions\/2240"}],"wp:attachment":[{"href":"https:\/\/ubfheidelberg.org\/Wordpress\/wp-json\/wp\/v2\/media?parent=2228"}],"wp:term":[{"taxonomy":"category","embeddable":true,"href":"https:\/\/ubfheidelberg.org\/Wordpress\/wp-json\/wp\/v2\/categories?post=2228"},{"taxonomy":"post_tag","embeddable":true,"href":"https:\/\/ubfheidelberg.org\/Wordpress\/wp-json\/wp\/v2\/tags?post=2228"}],"curies":[{"name":"wp","href":"https:\/\/api.w.org\/{rel}","templated":true}]}}