{"id":1408,"date":"2011-03-27T03:27:48","date_gmt":"2011-03-27T01:27:48","guid":{"rendered":"http:\/\/ubfheidelberg.org\/?p=1408"},"modified":"2023-01-29T21:15:16","modified_gmt":"2023-01-29T20:15:16","slug":"fragebogen-matthaus-51-16","status":"publish","type":"post","link":"https:\/\/ubfheidelberg.org\/Wordpress\/fragebogen-matthaus-51-16\/","title":{"rendered":"Fragebogen: Matth\u00e4us 5,1 &#8211; 16"},"content":{"rendered":"<p><a href=\"https:\/\/ubfheidelberg.org\/Wordpress\/wp-content\/uploads\/2011\/03\/F11Mt05-0116.doc\"><strong>Download<\/strong><\/a><\/p>\n<h2 style=\"text-align: center;\">Die Seligpreisungen<\/h2>\n<h3 style=\"text-align: center;\">\u201eSelig sind, die da geistlich arm sind; denn ihrer ist das Himmelreich\u201c (3).<\/h3>\n<p>Lerne den Text auswendig.<\/p>\n<p><strong>I.Selig sind, die &#8230;\u00a0\u00a0 (1-12)<\/strong><\/p>\n<p>1.\u00a0\u00a0 \u00a0Wo und zu wem sprach Jesus (1.2)?\u00a0 Wor\u00fcber lehrt Jesus in den Versen 3-12?\u00a0 Wie oft wiederholt sich der Ausdruck: \u201eselig\u201c?\u00a0 Was ist mit dem Ausdruck \u201eselig\u201c gemeint?<\/p>\n<p>2.\u00a0\u00a0 \u00a0Wen nennt Jesus als Erste selig, und was sagt er ihnen zu (3)?\u00a0 Worin zeigt sich geistliche Armut?<\/p>\n<p>3.\u00a0\u00a0 \u00a0Wie sehen die Menschen aus, die Leid tragen?\u00a0 Wie werden diese Menschen getr\u00f6stet (4; 2.Kor 1,3.4)?\u00a0 Wie besitzen Sanftm\u00fctige das Erdreich (5)?<\/p>\n<p>4.\u00a0\u00a0 \u00a0Was dr\u00fcckt &#8211; \u201edie hungert und d\u00fcrstet nach der Gerechtigkeit\u201c &#8211; aus (6a)?\u00a0 Welchen Segen haben solche Menschen (6b)?\u00a0 Welche Herzenshaltung sollen wir gegen\u00fcber den anderen haben (7)?\u00a0 Welchen Segen bekommt man dann von Gott?\u00a0 Wer kann Gott schauen?\u00a0 Was ist ein \u201ereines Herz\u201c?<\/p>\n<p>5.Lies Vers 9.\u00a0 Welche Schwierigkeiten sollen die Friedfertigen \u00fcberwinden, und welche Charaktereigenschaften sollen sie innehaben?\u00a0 Wie k\u00f6nnen wir Friedfertige werden (2.Kor 5,18.19)?<\/p>\n<p>6.Warum und wie werden die Menschen in den Versen 10a und 11 verfolgt?\u00a0 Weswegen k\u00f6nnen sie dennoch selig und fr\u00f6hlich sein (10b.12)?<br \/>\n<strong><br \/>\nII.Salz der Erde, Licht der Welt (13-16)<\/strong><\/p>\n<p>7.\u00a0\u00a0 \u00a0Was sagt Jesus \u00fcber die Position und Aufgabe der J\u00fcnger in der Welt (13a)?\u00a0 Was w\u00fcrden die J\u00fcnger, wenn sie den salzigen Geschmack verlieren w\u00fcrden (13b)?\u00a0 Wie k\u00f6nnen die J\u00fcnger den salzigen Geschmack stets beibehalten?<\/p>\n<p>8.\u00a0\u00a0 \u00a0Wie ist die Welt (14)?\u00a0 Was haben die J\u00fcnger in der dunklen Welt zu tun (14-16)?\u00a0 Welches Licht m\u00fcssen sie aus ihrem Leben leuchten lassen?\u00a0 Wie k\u00f6nnen wir praktisch solch ein Leben f\u00fchren?<\/p>\n<p>9.\u00a0\u00a0 \u00a0Betrachte nochmals die Verse 14-16.\u00a0 Wer kann die Ehre durch die guten Werke der J\u00fcnger nehmen?\u00a0 (Wie) Ist das an Deinem Leben erkennbar?<\/p>\n","protected":false},"excerpt":{"rendered":"<p>Download Die Seligpreisungen \u201eSelig sind, die da geistlich arm sind; denn ihrer ist das Himmelreich\u201c (3). Lerne den Text auswendig. I.Selig sind, die &#8230;\u00a0\u00a0 (1-12) 1.\u00a0\u00a0 \u00a0Wo und zu wem sprach Jesus (1.2)?\u00a0 Wor\u00fcber lehrt Jesus in den Versen 3-12?\u00a0 Wie oft wiederholt sich der Ausdruck: \u201eselig\u201c?\u00a0 Was ist mit dem Ausdruck \u201eselig\u201c gemeint? 2.\u00a0\u00a0 [&hellip;]<\/p>\n","protected":false},"author":14,"featured_media":0,"comment_status":"open","ping_status":"closed","sticky":false,"template":"","format":"standard","meta":{"ngg_post_thumbnail":0,"footnotes":""},"categories":[3,20],"tags":[],"class_list":["post-1408","post","type-post","status-publish","format-standard","hentry","category-fragebogen","category-matthaeus"],"_links":{"self":[{"href":"https:\/\/ubfheidelberg.org\/Wordpress\/wp-json\/wp\/v2\/posts\/1408","targetHints":{"allow":["GET"]}}],"collection":[{"href":"https:\/\/ubfheidelberg.org\/Wordpress\/wp-json\/wp\/v2\/posts"}],"about":[{"href":"https:\/\/ubfheidelberg.org\/Wordpress\/wp-json\/wp\/v2\/types\/post"}],"author":[{"embeddable":true,"href":"https:\/\/ubfheidelberg.org\/Wordpress\/wp-json\/wp\/v2\/users\/14"}],"replies":[{"embeddable":true,"href":"https:\/\/ubfheidelberg.org\/Wordpress\/wp-json\/wp\/v2\/comments?post=1408"}],"version-history":[{"count":3,"href":"https:\/\/ubfheidelberg.org\/Wordpress\/wp-json\/wp\/v2\/posts\/1408\/revisions"}],"predecessor-version":[{"id":11086,"href":"https:\/\/ubfheidelberg.org\/Wordpress\/wp-json\/wp\/v2\/posts\/1408\/revisions\/11086"}],"wp:attachment":[{"href":"https:\/\/ubfheidelberg.org\/Wordpress\/wp-json\/wp\/v2\/media?parent=1408"}],"wp:term":[{"taxonomy":"category","embeddable":true,"href":"https:\/\/ubfheidelberg.org\/Wordpress\/wp-json\/wp\/v2\/categories?post=1408"},{"taxonomy":"post_tag","embeddable":true,"href":"https:\/\/ubfheidelberg.org\/Wordpress\/wp-json\/wp\/v2\/tags?post=1408"}],"curies":[{"name":"wp","href":"https:\/\/api.w.org\/{rel}","templated":true}]}}