{"id":1365,"date":"2011-02-27T10:11:27","date_gmt":"2011-02-27T09:11:27","guid":{"rendered":"http:\/\/ubfheidelberg.org\/?p=1365"},"modified":"2023-01-29T21:00:14","modified_gmt":"2023-01-29T20:00:14","slug":"fragebogen-1-samuel-72-17-sonderlektion","status":"publish","type":"post","link":"https:\/\/ubfheidelberg.org\/Wordpress\/fragebogen-1-samuel-72-17-sonderlektion\/","title":{"rendered":"Fragebogen: 1.Samuel 7,2-17 (Sonderlektion)"},"content":{"rendered":"<p style=\"text-align: left;\"><a href=\"https:\/\/ubfheidelberg.org\/Wordpress\/wp-content\/uploads\/2011\/02\/F-1Sam7Sonderlektion.doc\"><strong>Download<\/strong><\/a><\/p>\n<h2 style=\"text-align: center;\"><strong>GEISTLICHE  WIEDERERWECKUNG  IN  MIZPA<\/strong><\/h2>\n<h3 style=\"text-align: center;\">1.Samuel 7,2-17<\/h3>\n<h3 style=\"text-align: center;\">Leitvers\t7,3<\/h3>\n<p>* Geistliche Wiedererweckung in Mizpa (2-14)<\/p>\n<ol>\n<li>Wie hatte sich die Haltung der Israeliten gegen\u00fcber dem Herrn \tver\u00e4ndert (2)?  Wodurch war dies gekommen (3,21; 6,19-20)?  Wie \tforderte Samuel sie heraus und was verhie\u00df er ihnen (3)?  Wie \treagierten sie (4)?  Wie f\u00fchrte Samuel sie zu echter Bu\u00dfe auf \teiner nationalen Ebene (5-6)?  Was k\u00f6nnen wir hier \u00fcber wahre Bu\u00dfe \tlernen?<\/li>\n<li>Wie reagierten die F\u00fcrsten der Philister auf die Versammlung der \tIsraeliten (7a)?  Was taten die Israeliten in dieser Krisensituation \t(7b-8)?  Wie hatten sie sich ver\u00e4ndert (4,2-3)?  Was tat Samuel \t(9)?  Wie erh\u00f6rte sie der Herr (10)?  Wie gewann Israel an St\u00e4rke \t(11)?<\/li>\n<li>Lies Vers 12.  Wie half Samuel ihnen nach dem Sieg, sich an dieses \tEreignis zu erinnern?  Warum war es wichtig, diese geistliche \tLektion nicht zu vergessen?  Was bedeutet \u201eEben-Eser\u201c auf der \tnationalen und der pers\u00f6nlichen Ebene?  Welche Folge hatte Samuels \tLeitung (13-14)?\n<p>* Samuels Reiset\u00e4tigkeit (15-17)<\/li>\n<li>Wie diente Samuel den Israeliten (15)?  Welche Orte besuchte er \tjedes Jahr (16)?  Suche diese Orte auf einer Landkarte.  Welches \tgeistliche Erbe hatten diese Orte (Jos 11,3.8; 1.Sam 7,12; 19,18-20; \t2.K\u00f6n 2,1-2)?<\/li>\n<li>Was bedeutete es, ein Richter Israels zu sein (Ri 2,16-17; 1.Sam \t3,19-4,1a; 7,3.6b.9)?  Was bedeutet es, dass er in Rama einen Altar \tbaute?  Was k\u00f6nnen wir von seiner treuen Reiset\u00e4tigkeit lernen?<\/li>\n<\/ol>\n<div id=\"_mcePaste\" style=\"position: absolute; left: -10000px; top: 0px; width: 1px; height: 1px; overflow: hidden;\">\n<p><!-- \t\t@page { margin: 2cm } \t\tH1 { margin-left: 0.8cm; text-indent: -0.8cm; margin-top: 0.53cm; margin-bottom: 0.07cm } \t\tH1.western { font-family: \"Arial Black\", sans-serif; font-size: 12pt; font-style: italic; font-weight: normal } \t\tH1.cjk { font-family: \"DejaVu Sans\"; font-size: 12pt; font-style: italic; font-weight: normal } \t\tH1.ctl { font-family: \"Arial Black\", sans-serif; font-size: 12pt; font-style: italic; font-weight: normal } \t\tP { margin-bottom: 0.21cm } --><\/p>\n<p style=\"margin-bottom: 0cm; line-height: 110%;\">\n<h1 class=\"western\" style=\"margin-left: 2.05cm; text-indent: 0cm; font-style: normal; line-height: 110%;\"><span style=\"font-family: Arial,Courier New,sans-serif;\"><span style=\"font-size: medium;\"><strong>GEISTLICHE  WIEDERERWECKUNG  IN  MIZPA<\/strong><\/span><\/span><\/h1>\n<p style=\"margin-bottom: 0cm; line-height: 110%;\">\n<p style=\"margin-bottom: 0cm; line-height: 110%;\">\n<p style=\"margin-bottom: 0cm; line-height: 110%;\">1.Samuel 7,2-17<\/p>\n<p style=\"margin-bottom: 0cm; line-height: 110%;\">Leitvers\t7,3<\/p>\n<p style=\"margin-bottom: 0cm; line-height: 110%;\">\n<p style=\"margin-bottom: 0cm; line-height: 110%;\">\n<p style=\"margin-bottom: 0cm; line-height: 110%;\">\n<p style=\"text-indent: 0.6cm; margin-bottom: 0.07cm; line-height: 110%;\">* Geistliche Wiedererweckung in Mizpa (2-14)<\/p>\n<p style=\"margin-bottom: 0.07cm; line-height: 110%;\">\n<ol>\n<li>\n<p style=\"margin-bottom: 0.07cm; line-height: 110%;\">Wie hatte sich die Haltung der Israeliten gegen\u00fcber dem Herrn \tver\u00e4ndert (2)?  Wodurch war dies gekommen (3,21; 6,19-20)?  Wie \tforderte Samuel sie heraus und was verhie\u00df er ihnen (3)?  Wie \treagierten sie (4)?  Wie f\u00fchrte Samuel sie zu echter Bu\u00dfe auf \teiner nationalen Ebene (5-6)?  Was k\u00f6nnen wir hier \u00fcber wahre Bu\u00dfe \tlernen?<\/p>\n<\/li>\n<\/ol>\n<p style=\"margin-bottom: 0.07cm; line-height: 110%;\">\n<ol>\n<li>\n<p style=\"margin-bottom: 0.07cm; line-height: 110%;\">Wie reagierten die F\u00fcrsten der Philister auf die Versammlung der \tIsraeliten (7a)?  Was taten die Israeliten in dieser Krisensituation \t(7b-8)?  Wie hatten sie sich ver\u00e4ndert (4,2-3)?  Was tat Samuel \t(9)?  Wie erh\u00f6rte sie der Herr (10)?  Wie gewann Israel an St\u00e4rke \t(11)?<\/p>\n<\/li>\n<\/ol>\n<p style=\"margin-bottom: 0.07cm; line-height: 110%;\">\n<ol>\n<li>\n<p style=\"margin-bottom: 0.07cm; line-height: 110%;\">Lies Vers 12.  Wie half Samuel ihnen nach dem Sieg, sich an dieses \tEreignis zu erinnern?  Warum war es wichtig, diese geistliche \tLektion nicht zu vergessen?  Was bedeutet \u201eEben-Eser\u201c auf der \tnationalen und der pers\u00f6nlichen Ebene?  Welche Folge hatte Samuels \tLeitung <span lang=\"en-GB\">(13-14)?<\/span><\/p>\n<\/li>\n<\/ol>\n<p style=\"margin-bottom: 0.07cm; line-height: 110%;\" lang=\"en-GB\">\n<p style=\"margin-bottom: 0.07cm; line-height: 110%;\" lang=\"en-GB\">\n<p style=\"text-indent: 0.6cm; margin-bottom: 0.07cm; line-height: 110%;\">* Samuels Reiset\u00e4tigkeit (15-17)<\/p>\n<p style=\"margin-bottom: 0.07cm; line-height: 110%;\">\n<ol>\n<li>\n<p style=\"margin-bottom: 0.07cm; line-height: 110%;\">Wie diente Samuel den Israeliten (15)?  Welche Orte besuchte er \tjedes Jahr (16)?  Suche diese Orte auf einer Landkarte.  Welches \tgeistliche Erbe hatten diese Orte (Jos 11,3.8; 1.Sam 7,12; 19,18-20; \t2.K\u00f6n 2,1-2)?<\/p>\n<\/li>\n<\/ol>\n<p style=\"margin-bottom: 0.07cm; line-height: 110%;\">\n<ol>\n<li>\n<p style=\"margin-bottom: 0.07cm; line-height: 110%;\">Was bedeutete es, ein Richter Israels zu sein (Ri 2,16-17; 1.Sam \t3,19-4,1a; 7,3.6b.9)?  Was bedeutet es, dass er in Rama einen Altar \tbaute?  Was k\u00f6nnen wir von seiner treuen Reiset\u00e4tigkeit lernen?<\/p>\n<\/li>\n<\/ol>\n<p style=\"margin-bottom: 0cm;\">\n<\/div>\n","protected":false},"excerpt":{"rendered":"<p>Download GEISTLICHE WIEDERERWECKUNG IN MIZPA 1.Samuel 7,2-17 Leitvers 7,3 * Geistliche Wiedererweckung in Mizpa (2-14) Wie hatte sich die Haltung der Israeliten gegen\u00fcber dem Herrn ver\u00e4ndert (2)? Wodurch war dies gekommen (3,21; 6,19-20)? Wie forderte Samuel sie heraus und was verhie\u00df er ihnen (3)? Wie reagierten sie (4)? Wie f\u00fchrte Samuel sie zu echter Bu\u00dfe [&hellip;]<\/p>\n","protected":false},"author":14,"featured_media":0,"comment_status":"open","ping_status":"closed","sticky":false,"template":"","format":"standard","meta":{"ngg_post_thumbnail":0,"footnotes":""},"categories":[45,3,11],"tags":[],"class_list":["post-1365","post","type-post","status-publish","format-standard","hentry","category-1-samuel","category-fragebogen","category-sonderlektion"],"_links":{"self":[{"href":"https:\/\/ubfheidelberg.org\/Wordpress\/wp-json\/wp\/v2\/posts\/1365","targetHints":{"allow":["GET"]}}],"collection":[{"href":"https:\/\/ubfheidelberg.org\/Wordpress\/wp-json\/wp\/v2\/posts"}],"about":[{"href":"https:\/\/ubfheidelberg.org\/Wordpress\/wp-json\/wp\/v2\/types\/post"}],"author":[{"embeddable":true,"href":"https:\/\/ubfheidelberg.org\/Wordpress\/wp-json\/wp\/v2\/users\/14"}],"replies":[{"embeddable":true,"href":"https:\/\/ubfheidelberg.org\/Wordpress\/wp-json\/wp\/v2\/comments?post=1365"}],"version-history":[{"count":5,"href":"https:\/\/ubfheidelberg.org\/Wordpress\/wp-json\/wp\/v2\/posts\/1365\/revisions"}],"predecessor-version":[{"id":11091,"href":"https:\/\/ubfheidelberg.org\/Wordpress\/wp-json\/wp\/v2\/posts\/1365\/revisions\/11091"}],"wp:attachment":[{"href":"https:\/\/ubfheidelberg.org\/Wordpress\/wp-json\/wp\/v2\/media?parent=1365"}],"wp:term":[{"taxonomy":"category","embeddable":true,"href":"https:\/\/ubfheidelberg.org\/Wordpress\/wp-json\/wp\/v2\/categories?post=1365"},{"taxonomy":"post_tag","embeddable":true,"href":"https:\/\/ubfheidelberg.org\/Wordpress\/wp-json\/wp\/v2\/tags?post=1365"}],"curies":[{"name":"wp","href":"https:\/\/api.w.org\/{rel}","templated":true}]}}