{"id":13617,"date":"2025-12-21T12:00:01","date_gmt":"2025-12-21T11:00:01","guid":{"rendered":"https:\/\/ubfheidelberg.org\/Wordpress\/?p=13617"},"modified":"2025-12-20T21:45:47","modified_gmt":"2025-12-20T20:45:47","slug":"fragebogen-psalm-1501-6-jahresausklang-2025","status":"publish","type":"post","link":"https:\/\/ubfheidelberg.org\/Wordpress\/fragebogen-psalm-1501-6-jahresausklang-2025\/","title":{"rendered":"Fragebogen: Psalm 150,1-6 (Jahresausklang 2025)"},"content":{"rendered":"<p><strong>Download [<a href=\"https:\/\/ubfheidelberg.org\/Wordpress\/wp-content\/uploads\/2025\/12\/Jahresende_2025_Psalm150.odt\">ODT<\/a>]&nbsp; [<a href=\"https:\/\/ubfheidelberg.org\/Wordpress\/wp-content\/uploads\/2025\/12\/Jahresende_2025_Psalm150.pdf\">PDF<\/a>]<\/strong> &nbsp;&nbsp;&nbsp;&nbsp;&nbsp;&nbsp;&nbsp;&nbsp; <a href=\"https:\/\/www.schlachterbibel.de\/de\/bibel\/psalm\/150\/1-6?hl=1#hl\"><strong>Bibeltext<\/strong><\/a>&nbsp; &nbsp; &nbsp; &nbsp;<\/p>\n<h2 style=\"text-align: center;\">Alles, was atmet, lobe den HERRN!<\/h2>\n<h3 style=\"text-align: center;\">\u201eAlles, was atmet, lobe den HERRN. Halleluja!\u201c<\/h3>\n<p style=\"text-align: center;\">(Psalm 150,6 [E\u00dc])<\/p>\n<p><em>Wie im vergangenen Jahr lassen wir dieses Jahr mit einem Psalm ausklingen (zur Erinnerung: letztes Jahr war es Psalm 103).<\/em><\/p>\n<ol>\n<li>Der letzte Psalm besteht aus sechs relativ kurzen Versen. Gerne diesen Psalm mehrfach lesen. Die Frage f\u00fcr die Grundsch\u00fcler: welches Wort kommt in jedem (!) der sechs Verse vor (in den meisten F\u00e4llen sogar mehr als einmal)?<br \/>\nGenau, es ist das Wort \u201eloben\u201c. Es wird als Aufforderung benutzt. Aber was genau ist eigentlich \u201eloben\u201c?<\/li>\n<li>Wie w\u00fcrdest du diesen Psalm gliedern? Und weshalb?<br \/>\nWas bedeutet es, Gott in seinem Heiligtum zu loben und in seinen m\u00e4chtigen Festen (Genesis 1,6.7)? <em>(Zwei Hinweise. Zum einen, hebr\u00e4ische Poesie ist voll von Parallelismen. Zum anderen, denke dar\u00fcber nach, wo Gott wohnt.)<\/em><\/li>\n<li>Wir sollen Gott f\u00fcr seine machtvollen Taten und f\u00fcr die F\u00fclle seiner Gr\u00f6\u00dfe loben (Vers 2). Was bedeutet das?<br \/>\nDenke an den gr\u00f6\u00dferen Kontext, in welchem dieser Psalm steht. Kannst du kurz zusammenfassen, wovon die vorherigen 149 Psalmen handeln? Inwiefern ist die Art und Weise, wie das Psalm-Buch endet, sehr signifikant?<br \/>\nWie passt das zu deinem pers\u00f6nlichen Jahresende? Welche machtvollen Taten Gottes und auf welche Weise hast du die Gr\u00f6\u00dfe Gottes in diesem Jahr erfahren?<\/li>\n<li>Die Verse 3-5 handeln davon, wie wir Gott loben sollen. Worauf l\u00e4sst der Schall des Widderhorns, Harfe, Leier, Trommel, Tanz, Saiten, Fl\u00f6te, Zimbel schlie\u00dfen?<br \/>\nWie l\u00e4sst sich das auf die heutige Zeit \u00fcbertragen?<br \/>\nAlles, was atmet, soll Gott loben (Vers 6). Warum ist das wirklich angemessen (Genesis&nbsp;2,7)?<\/li>\n<\/ol>\n","protected":false},"excerpt":{"rendered":"<p>Download [ODT]&nbsp; [PDF] &nbsp;&nbsp;&nbsp;&nbsp;&nbsp;&nbsp;&nbsp;&nbsp; Bibeltext&nbsp; &nbsp; &nbsp; &nbsp; Alles, was atmet, lobe den HERRN! \u201eAlles, was atmet, lobe den HERRN. Halleluja!\u201c (Psalm 150,6 [E\u00dc]) Wie im vergangenen Jahr lassen wir dieses Jahr mit einem Psalm ausklingen (zur Erinnerung: letztes Jahr war es Psalm 103). Der letzte Psalm besteht aus sechs relativ kurzen Versen. Gerne diesen [&hellip;]<\/p>\n","protected":false},"author":3,"featured_media":0,"comment_status":"closed","ping_status":"closed","sticky":false,"template":"","format":"standard","meta":{"ngg_post_thumbnail":0,"footnotes":""},"categories":[3,15,11],"tags":[],"class_list":["post-13617","post","type-post","status-publish","format-standard","hentry","category-fragebogen","category-psalm","category-sonderlektion"],"_links":{"self":[{"href":"https:\/\/ubfheidelberg.org\/Wordpress\/wp-json\/wp\/v2\/posts\/13617","targetHints":{"allow":["GET"]}}],"collection":[{"href":"https:\/\/ubfheidelberg.org\/Wordpress\/wp-json\/wp\/v2\/posts"}],"about":[{"href":"https:\/\/ubfheidelberg.org\/Wordpress\/wp-json\/wp\/v2\/types\/post"}],"author":[{"embeddable":true,"href":"https:\/\/ubfheidelberg.org\/Wordpress\/wp-json\/wp\/v2\/users\/3"}],"replies":[{"embeddable":true,"href":"https:\/\/ubfheidelberg.org\/Wordpress\/wp-json\/wp\/v2\/comments?post=13617"}],"version-history":[{"count":1,"href":"https:\/\/ubfheidelberg.org\/Wordpress\/wp-json\/wp\/v2\/posts\/13617\/revisions"}],"predecessor-version":[{"id":13620,"href":"https:\/\/ubfheidelberg.org\/Wordpress\/wp-json\/wp\/v2\/posts\/13617\/revisions\/13620"}],"wp:attachment":[{"href":"https:\/\/ubfheidelberg.org\/Wordpress\/wp-json\/wp\/v2\/media?parent=13617"}],"wp:term":[{"taxonomy":"category","embeddable":true,"href":"https:\/\/ubfheidelberg.org\/Wordpress\/wp-json\/wp\/v2\/categories?post=13617"},{"taxonomy":"post_tag","embeddable":true,"href":"https:\/\/ubfheidelberg.org\/Wordpress\/wp-json\/wp\/v2\/tags?post=13617"}],"curies":[{"name":"wp","href":"https:\/\/api.w.org\/{rel}","templated":true}]}}