{"id":13304,"date":"2025-06-29T12:00:02","date_gmt":"2025-06-29T10:00:02","guid":{"rendered":"https:\/\/ubfheidelberg.org\/Wordpress\/?p=13304"},"modified":"2025-12-02T19:12:09","modified_gmt":"2025-12-02T18:12:09","slug":"fragebogen-1-mose-371-36","status":"publish","type":"post","link":"https:\/\/ubfheidelberg.org\/Wordpress\/fragebogen-1-mose-371-36\/","title":{"rendered":"Fragebogen: 1. Mose 37,1-36"},"content":{"rendered":"<p><strong>Download [<a href=\"https:\/\/ubfheidelberg.org\/Wordpress\/wp-content\/uploads\/2025\/07\/Genesis-371-36.odt\">ODT<\/a>]&nbsp; [<a href=\"https:\/\/ubfheidelberg.org\/Wordpress\/wp-content\/uploads\/2025\/07\/Genesis-371-36.pdf\">PDF<\/a>]<\/strong> &nbsp;&nbsp;&nbsp;&nbsp;&nbsp;&nbsp;&nbsp;&nbsp; <a href=\"https:\/\/www.schlachterbibel.de\/de\/bibel\/1_mose\/37\/\"><strong>Bibeltext<\/strong><\/a><\/p>\n<h2 style=\"text-align: center;\">Gott schenkt Josef einen Traum<\/h2>\n<h3 style=\"text-align: center;\">\u201eUnd er hatte noch einen zweiten Traum, den erz\u00e4hlte er seinen Br\u00fcdern und sprach: Ich habe noch einen Traum gehabt; siehe, die Sonne und der Mond und elf Sterne neigten sich vor mir.\u201c<\/h3>\n<p style=\"text-align: center;\">(1. Mose 37,9)<\/p>\n<p>&nbsp;<\/p>\n<ol>\n<li>Warum wurde Josef von seinen Br\u00fcdern gehasst (1-4)? Welche Tr\u00e4ume hatte Josef, und wie reagierten seine Br\u00fcder und sein Vater Jakob darauf (5-11)?<\/li>\n<li>Wem gibt Gott Tr\u00e4ume und Visionen, wenn wir das Leben von Josef mit dem seiner Br\u00fcder vergleichen? Warum hat Gott Josef diesen Traum \u00fcber seine Zukunft gegeben (vgl. 42,9)? Welche Tr\u00e4ume und Visionen gibt Gott dir durch seine Verhei\u00dfung?<\/li>\n<li>Wie ging Josef mit dem Auftrag seines Vaters um (12-17)? Warum wollten seine Br\u00fcder ihn t\u00f6ten (18-20)? Wie wurde Josef vom Tod verschont (21-28)?<\/li>\n<li>Wie gro\u00df war Jakobs Trauer \u00fcber den Verlust Josefs (29-35)?<\/li>\n<li>Was wurde aus Josef, nachdem er nach \u00c4gypten verkauft worden war (36)? Denke \u00fcber Gott nach, der Josef einen Traum schenkte und ihn dann auf einen Weg des Leidens f\u00fchrte (vgl. Psalm 105,17-19).<\/li>\n<\/ol>\n<p>&nbsp;<\/p>\n<p>&nbsp;<\/p>\n<p>&nbsp;<\/p>\n<p>&nbsp;<\/p>\n","protected":false},"excerpt":{"rendered":"<p>Download [ODT]&nbsp; [PDF] &nbsp;&nbsp;&nbsp;&nbsp;&nbsp;&nbsp;&nbsp;&nbsp; Bibeltext Gott schenkt Josef einen Traum \u201eUnd er hatte noch einen zweiten Traum, den erz\u00e4hlte er seinen Br\u00fcdern und sprach: Ich habe noch einen Traum gehabt; siehe, die Sonne und der Mond und elf Sterne neigten sich vor mir.\u201c (1. Mose 37,9) &nbsp; Warum wurde Josef von seinen Br\u00fcdern gehasst (1-4)? [&hellip;]<\/p>\n","protected":false},"author":14,"featured_media":0,"comment_status":"closed","ping_status":"closed","sticky":false,"template":"","format":"standard","meta":{"ngg_post_thumbnail":0,"footnotes":""},"categories":[37,3],"tags":[],"class_list":["post-13304","post","type-post","status-publish","format-standard","hentry","category-1-mose","category-fragebogen"],"_links":{"self":[{"href":"https:\/\/ubfheidelberg.org\/Wordpress\/wp-json\/wp\/v2\/posts\/13304","targetHints":{"allow":["GET"]}}],"collection":[{"href":"https:\/\/ubfheidelberg.org\/Wordpress\/wp-json\/wp\/v2\/posts"}],"about":[{"href":"https:\/\/ubfheidelberg.org\/Wordpress\/wp-json\/wp\/v2\/types\/post"}],"author":[{"embeddable":true,"href":"https:\/\/ubfheidelberg.org\/Wordpress\/wp-json\/wp\/v2\/users\/14"}],"replies":[{"embeddable":true,"href":"https:\/\/ubfheidelberg.org\/Wordpress\/wp-json\/wp\/v2\/comments?post=13304"}],"version-history":[{"count":2,"href":"https:\/\/ubfheidelberg.org\/Wordpress\/wp-json\/wp\/v2\/posts\/13304\/revisions"}],"predecessor-version":[{"id":13312,"href":"https:\/\/ubfheidelberg.org\/Wordpress\/wp-json\/wp\/v2\/posts\/13304\/revisions\/13312"}],"wp:attachment":[{"href":"https:\/\/ubfheidelberg.org\/Wordpress\/wp-json\/wp\/v2\/media?parent=13304"}],"wp:term":[{"taxonomy":"category","embeddable":true,"href":"https:\/\/ubfheidelberg.org\/Wordpress\/wp-json\/wp\/v2\/categories?post=13304"},{"taxonomy":"post_tag","embeddable":true,"href":"https:\/\/ubfheidelberg.org\/Wordpress\/wp-json\/wp\/v2\/tags?post=13304"}],"curies":[{"name":"wp","href":"https:\/\/api.w.org\/{rel}","templated":true}]}}