{"id":13221,"date":"2025-05-18T12:00:33","date_gmt":"2025-05-18T10:00:33","guid":{"rendered":"https:\/\/ubfheidelberg.org\/Wordpress\/?p=13221"},"modified":"2025-12-02T19:12:11","modified_gmt":"2025-12-02T18:12:11","slug":"fragebogen-1-mose-2746-2822","status":"publish","type":"post","link":"https:\/\/ubfheidelberg.org\/Wordpress\/fragebogen-1-mose-2746-2822\/","title":{"rendered":"Fragebogen: 1. Mose 27,46 &#8212; 28,22"},"content":{"rendered":"<p><strong>Download [<a href=\"https:\/\/ubfheidelberg.org\/Wordpress\/wp-content\/uploads\/2025\/05\/Genesis-2746-2822.odt\">ODT<\/a>]&nbsp; [<a href=\"https:\/\/ubfheidelberg.org\/Wordpress\/wp-content\/uploads\/2025\/05\/Genesis-2746-2822.pdf\">PDF<\/a>]<\/strong> &nbsp;&nbsp;&nbsp;&nbsp;&nbsp;&nbsp;&nbsp;&nbsp; <a href=\"https:\/\/www.schlachterbibel.de\/de\/bibel\/1_mose\/28\/1-22?hl=1#hl\"><strong>Bibeltext<\/strong><\/a><\/p>\n<h2 style=\"text-align: center;\">Der Gott von Bethel<\/h2>\n<h3 style=\"text-align: center;\">\u201eUnd siehe, ich bin mit dir und will dich beh\u00fcten, wo du hinziehst, und will dich wieder herbringen in dies Land. Denn ich will dich nicht verlassen, bis ich alles tue, was ich dir zugesagt habe.&nbsp;Als nun Jakob von seinem Schlaf aufwachte, sprach er: F\u00fcrwahr, der HERR ist an dieser St\u00e4tte, und ich wusste es nicht!\u201c<\/h3>\n<p style=\"text-align: center;\">(1. Mose 28,15.16)<\/p>\n<ol>\n<li>Warum schickten Isaak und Rebekka Jakob nach Paddan-Aram (27,46-28,2)? Wie segnete Isaak Jakob, als er ihn wegschickte (3-5)? Was tat Esau, als er das sah (6-9)?<\/li>\n<li>Wie f\u00fchlte sich Jakob wohl, als er sein Zuhause verlie\u00df und nach Haran reiste (10.11)? Welche erstaunliche Szene sah er in seinem Traum und was bedeutete das (12)?<\/li>\n<li>Wie stellte sich Gott Jakob vor (13a)? Warum erschien Gott Jakob wohl gerade in dieser Zeit, und welche Verhei\u00dfungen gab er ihm (13b-15)? Warum gab er Jakob diese Verhei\u00dfungen?<\/li>\n<li>Warum f\u00fcrchtete sich Jakob, als er aufwachte (16-19)? Was bedeutet es, dass er ein Steinmal errichtete und es mit \u00d6l salbte?<\/li>\n<li>Welches Gel\u00fcbde legte Jakob vor Gott ab (20.21)? Welche Bedeutung hatte dieses Gel\u00fcbde f\u00fcr sein Leben (31,13)?<\/li>\n<\/ol>\n","protected":false},"excerpt":{"rendered":"<p>Download [ODT]&nbsp; [PDF] &nbsp;&nbsp;&nbsp;&nbsp;&nbsp;&nbsp;&nbsp;&nbsp; Bibeltext Der Gott von Bethel \u201eUnd siehe, ich bin mit dir und will dich beh\u00fcten, wo du hinziehst, und will dich wieder herbringen in dies Land. Denn ich will dich nicht verlassen, bis ich alles tue, was ich dir zugesagt habe.&nbsp;Als nun Jakob von seinem Schlaf aufwachte, sprach er: F\u00fcrwahr, der [&hellip;]<\/p>\n","protected":false},"author":14,"featured_media":0,"comment_status":"closed","ping_status":"closed","sticky":false,"template":"","format":"standard","meta":{"ngg_post_thumbnail":0,"footnotes":""},"categories":[37,3],"tags":[],"class_list":["post-13221","post","type-post","status-publish","format-standard","hentry","category-1-mose","category-fragebogen"],"_links":{"self":[{"href":"https:\/\/ubfheidelberg.org\/Wordpress\/wp-json\/wp\/v2\/posts\/13221","targetHints":{"allow":["GET"]}}],"collection":[{"href":"https:\/\/ubfheidelberg.org\/Wordpress\/wp-json\/wp\/v2\/posts"}],"about":[{"href":"https:\/\/ubfheidelberg.org\/Wordpress\/wp-json\/wp\/v2\/types\/post"}],"author":[{"embeddable":true,"href":"https:\/\/ubfheidelberg.org\/Wordpress\/wp-json\/wp\/v2\/users\/14"}],"replies":[{"embeddable":true,"href":"https:\/\/ubfheidelberg.org\/Wordpress\/wp-json\/wp\/v2\/comments?post=13221"}],"version-history":[{"count":1,"href":"https:\/\/ubfheidelberg.org\/Wordpress\/wp-json\/wp\/v2\/posts\/13221\/revisions"}],"predecessor-version":[{"id":13222,"href":"https:\/\/ubfheidelberg.org\/Wordpress\/wp-json\/wp\/v2\/posts\/13221\/revisions\/13222"}],"wp:attachment":[{"href":"https:\/\/ubfheidelberg.org\/Wordpress\/wp-json\/wp\/v2\/media?parent=13221"}],"wp:term":[{"taxonomy":"category","embeddable":true,"href":"https:\/\/ubfheidelberg.org\/Wordpress\/wp-json\/wp\/v2\/categories?post=13221"},{"taxonomy":"post_tag","embeddable":true,"href":"https:\/\/ubfheidelberg.org\/Wordpress\/wp-json\/wp\/v2\/tags?post=13221"}],"curies":[{"name":"wp","href":"https:\/\/api.w.org\/{rel}","templated":true}]}}