{"id":13058,"date":"2025-02-23T12:00:08","date_gmt":"2025-02-23T11:00:08","guid":{"rendered":"https:\/\/ubfheidelberg.org\/Wordpress\/?p=13058"},"modified":"2025-12-02T19:12:15","modified_gmt":"2025-12-02T18:12:15","slug":"fragebogen-1-mose-171-27-2","status":"publish","type":"post","link":"https:\/\/ubfheidelberg.org\/Wordpress\/fragebogen-1-mose-171-27-2\/","title":{"rendered":"Fragebogen: 1. Mose 17,1-27"},"content":{"rendered":"<p><strong>Download [<a href=\"https:\/\/ubfheidelberg.org\/Wordpress\/wp-content\/uploads\/2025\/02\/Genesis-171-27.odt\">ODT<\/a>]&nbsp; [<a href=\"https:\/\/ubfheidelberg.org\/Wordpress\/wp-content\/uploads\/2025\/02\/Genesis-171-27.pdf\">PDF<\/a>]<\/strong> &nbsp;&nbsp;&nbsp;&nbsp;&nbsp;&nbsp;&nbsp;&nbsp; <a href=\"https:\/\/www.schlachterbibel.de\/de\/bibel\/1_mose\/17\/1-27?hl=1#hl\"><strong>Bibeltext<\/strong><\/a><\/p>\n<h2 style=\"text-align: center;\">Gott nennt Abram Abraham<\/h2>\n<h3 style=\"text-align: center;\">\u201eDarum sollst du nicht mehr Abram hei\u00dfen, sondern Abraham soll dein Name sein; denn ich habe dich gemacht zum Vater vieler V\u00f6lker.\u201c<\/h3>\n<p style=\"text-align: center;\">(1. Mose 17,5)<\/p>\n<ol>\n<li>Wie alt war Ismael, als Gott Abram wieder erschien? Was l\u00e4sst uns Gottes Wort \u201eWandle vor mir und sei fromm\u201c \u00fcber Abrams geistliche Lage bzw. \u00fcber sein Leben in diesen Jahren vermuten?<\/li>\n<li>Wie reagierte Abram? Warum \u00e4nderte Gott Abrams Namen in Abraham und welche Hilfe wollte Gott ihm dadurch wohl geben?<\/li>\n<li>Wie best\u00e4tigte und erweiterte Gott die Bundesverhei\u00dfung? Was bedeutet es, dass Gott sie einen \u201eewigen Bund\u201c nannte und ihm das Land \u201ezu ewigem Besitz\u201c versprach? Was sollte Abraham als Zeichen und Siegel des Bundes tun und warum wohl (9-14)?<\/li>\n<li>Wie wollte Gott Sara segnen und warum reagierte Abraham darauf mit Lachen? Welche besondere Verhei\u00dfung gab Gott ihm f\u00fcr seine Familie? Warum wollte Gott den geistlichen Segen nicht Ismael geben, sondern Isaak?<\/li>\n<li>Wie zeigte Abraham seinen Glauben an Gott und seine Verhei\u00dfungen (23-27)? Was k\u00f6nnen wir in diesen beiden Kapiteln \u00fcber Gott lernen und \u00fcber die Art und Weise, wie er wirkt?<\/li>\n<\/ol>\n<p>&nbsp;<\/p>\n","protected":false},"excerpt":{"rendered":"<p>Download [ODT]&nbsp; [PDF] &nbsp;&nbsp;&nbsp;&nbsp;&nbsp;&nbsp;&nbsp;&nbsp; Bibeltext Gott nennt Abram Abraham \u201eDarum sollst du nicht mehr Abram hei\u00dfen, sondern Abraham soll dein Name sein; denn ich habe dich gemacht zum Vater vieler V\u00f6lker.\u201c (1. Mose 17,5) Wie alt war Ismael, als Gott Abram wieder erschien? Was l\u00e4sst uns Gottes Wort \u201eWandle vor mir und sei fromm\u201c \u00fcber [&hellip;]<\/p>\n","protected":false},"author":14,"featured_media":0,"comment_status":"closed","ping_status":"closed","sticky":false,"template":"","format":"standard","meta":{"ngg_post_thumbnail":0,"footnotes":""},"categories":[37,3],"tags":[],"class_list":["post-13058","post","type-post","status-publish","format-standard","hentry","category-1-mose","category-fragebogen"],"_links":{"self":[{"href":"https:\/\/ubfheidelberg.org\/Wordpress\/wp-json\/wp\/v2\/posts\/13058","targetHints":{"allow":["GET"]}}],"collection":[{"href":"https:\/\/ubfheidelberg.org\/Wordpress\/wp-json\/wp\/v2\/posts"}],"about":[{"href":"https:\/\/ubfheidelberg.org\/Wordpress\/wp-json\/wp\/v2\/types\/post"}],"author":[{"embeddable":true,"href":"https:\/\/ubfheidelberg.org\/Wordpress\/wp-json\/wp\/v2\/users\/14"}],"replies":[{"embeddable":true,"href":"https:\/\/ubfheidelberg.org\/Wordpress\/wp-json\/wp\/v2\/comments?post=13058"}],"version-history":[{"count":1,"href":"https:\/\/ubfheidelberg.org\/Wordpress\/wp-json\/wp\/v2\/posts\/13058\/revisions"}],"predecessor-version":[{"id":13061,"href":"https:\/\/ubfheidelberg.org\/Wordpress\/wp-json\/wp\/v2\/posts\/13058\/revisions\/13061"}],"wp:attachment":[{"href":"https:\/\/ubfheidelberg.org\/Wordpress\/wp-json\/wp\/v2\/media?parent=13058"}],"wp:term":[{"taxonomy":"category","embeddable":true,"href":"https:\/\/ubfheidelberg.org\/Wordpress\/wp-json\/wp\/v2\/categories?post=13058"},{"taxonomy":"post_tag","embeddable":true,"href":"https:\/\/ubfheidelberg.org\/Wordpress\/wp-json\/wp\/v2\/tags?post=13058"}],"curies":[{"name":"wp","href":"https:\/\/api.w.org\/{rel}","templated":true}]}}