{"id":12891,"date":"2024-12-29T12:00:55","date_gmt":"2024-12-29T11:00:55","guid":{"rendered":"https:\/\/ubfheidelberg.org\/Wordpress\/?p=12891"},"modified":"2025-12-02T19:12:18","modified_gmt":"2025-12-02T18:12:18","slug":"fragebogen-apostelgeschichte-1119-30-neujahr-2025","status":"publish","type":"post","link":"https:\/\/ubfheidelberg.org\/Wordpress\/fragebogen-apostelgeschichte-1119-30-neujahr-2025\/","title":{"rendered":"Fragebogen: Apostelgeschichte 11,19-30 &#8212; Neujahr 2025"},"content":{"rendered":"<p><strong>Download [<a href=\"https:\/\/ubfheidelberg.org\/Wordpress\/wp-content\/uploads\/2024\/12\/2025-SL-Apg-11_1930.odt\">ODT<\/a>]&nbsp; [<a href=\"https:\/\/ubfheidelberg.org\/Wordpress\/wp-content\/uploads\/2024\/12\/2025-SL-Apg-11_1930.pdf\">PDF<\/a>]<\/strong> &nbsp;&nbsp;&nbsp;&nbsp;&nbsp;&nbsp;&nbsp;&nbsp; <a href=\"https:\/\/www.schlachterbibel.de\/de\/bibel\/apostelgeschichte\/11\/19-30?hl=1#hl\"><strong>Bibeltext<\/strong><\/a><\/p>\n<h2 style=\"text-align: center;\">Die zerstreuten Christen in Antiochia<\/h2>\n<h3 style=\"text-align: center;\">\u201eDie aber zerstreut waren wegen der Verfolgung, die sich wegen Stephanus erhob, gingen bis nach Ph\u00f6nizien und Zypern und Antiochia und verk\u00fcndigten das Wort niemandem als allein den Juden.\u201c<\/h3>\n<p style=\"text-align: center;\">(Apostelgeschichte 11,19)<\/p>\n<ol>\n<li>Wie kam es dazu, dass sich fast alle Christen in Jerusalem \u00fcber das Land zerstreuten (Apg 8,1-3)? Denk \u00fcber ihre Lage und ihre Schwierigkeiten in der fremden Umgebung nach, mit denen sie pl\u00f6tzlich konfrontiert waren. Bis wohin gingen zerstreute Christen und was taten sie dort (11,19)? Was zeigt das \u00fcber ihren Glauben?<\/li>\n<li>Was taten einige Christen aus Zypern und Kyrene, die nach Antiochia kamen (20)? Wie segnete Gott ihr Tun (21)? Inwiefern war das ein wichtiger Schritt in Gottes Heilswerk (1,8)?<\/li>\n<li>Wie reagierte die Gemeinde in Jerusalem, als sie davon h\u00f6rte? Wie half Barnabas den jungen Gl\u00e4ubigen in Antiochia und was war das Resultat (22-24)? Was tat er noch, um das neue Werk in Antiochia zu unterst\u00fctzen (25.26)?<\/li>\n<li>Was sagte in diesen Tagen der Prophet Agabus voraus (27.28)? Wie reagierten die Gl\u00e4ubigen in Antiochia (29.30)? Was zeigt uns das \u00fcber die Gesinnung der Gl\u00e4ubigen in dieser Gemeinde?<\/li>\n<li>&nbsp;<\/li>\n<\/ol>\n","protected":false},"excerpt":{"rendered":"<p>Download [ODT]&nbsp; [PDF] &nbsp;&nbsp;&nbsp;&nbsp;&nbsp;&nbsp;&nbsp;&nbsp; Bibeltext Die zerstreuten Christen in Antiochia \u201eDie aber zerstreut waren wegen der Verfolgung, die sich wegen Stephanus erhob, gingen bis nach Ph\u00f6nizien und Zypern und Antiochia und verk\u00fcndigten das Wort niemandem als allein den Juden.\u201c (Apostelgeschichte 11,19) Wie kam es dazu, dass sich fast alle Christen in Jerusalem \u00fcber das Land [&hellip;]<\/p>\n","protected":false},"author":14,"featured_media":0,"comment_status":"closed","ping_status":"closed","sticky":false,"template":"","format":"standard","meta":{"ngg_post_thumbnail":0,"footnotes":""},"categories":[14,3,59,40],"tags":[],"class_list":["post-12891","post","type-post","status-publish","format-standard","hentry","category-apostelgeschichte","category-fragebogen","category-jahreswechsel","category-neujahr"],"_links":{"self":[{"href":"https:\/\/ubfheidelberg.org\/Wordpress\/wp-json\/wp\/v2\/posts\/12891","targetHints":{"allow":["GET"]}}],"collection":[{"href":"https:\/\/ubfheidelberg.org\/Wordpress\/wp-json\/wp\/v2\/posts"}],"about":[{"href":"https:\/\/ubfheidelberg.org\/Wordpress\/wp-json\/wp\/v2\/types\/post"}],"author":[{"embeddable":true,"href":"https:\/\/ubfheidelberg.org\/Wordpress\/wp-json\/wp\/v2\/users\/14"}],"replies":[{"embeddable":true,"href":"https:\/\/ubfheidelberg.org\/Wordpress\/wp-json\/wp\/v2\/comments?post=12891"}],"version-history":[{"count":2,"href":"https:\/\/ubfheidelberg.org\/Wordpress\/wp-json\/wp\/v2\/posts\/12891\/revisions"}],"predecessor-version":[{"id":12895,"href":"https:\/\/ubfheidelberg.org\/Wordpress\/wp-json\/wp\/v2\/posts\/12891\/revisions\/12895"}],"wp:attachment":[{"href":"https:\/\/ubfheidelberg.org\/Wordpress\/wp-json\/wp\/v2\/media?parent=12891"}],"wp:term":[{"taxonomy":"category","embeddable":true,"href":"https:\/\/ubfheidelberg.org\/Wordpress\/wp-json\/wp\/v2\/categories?post=12891"},{"taxonomy":"post_tag","embeddable":true,"href":"https:\/\/ubfheidelberg.org\/Wordpress\/wp-json\/wp\/v2\/tags?post=12891"}],"curies":[{"name":"wp","href":"https:\/\/api.w.org\/{rel}","templated":true}]}}