{"id":12884,"date":"2024-12-22T12:00:15","date_gmt":"2024-12-22T11:00:15","guid":{"rendered":"https:\/\/ubfheidelberg.org\/Wordpress\/?p=12884"},"modified":"2025-12-02T19:12:19","modified_gmt":"2025-12-02T18:12:19","slug":"fragebogen-psalm-103-jahreswechsel-2024-25","status":"publish","type":"post","link":"https:\/\/ubfheidelberg.org\/Wordpress\/fragebogen-psalm-103-jahreswechsel-2024-25\/","title":{"rendered":"Fragebogen: Psalm 103 &#8212; Jahreswechsel 2024\/25"},"content":{"rendered":"<p><strong>Download [<a href=\"https:\/\/ubfheidelberg.org\/Wordpress\/wp-content\/uploads\/2024\/12\/Psalm103_Fragebogen.odt\">ODT<\/a>]&nbsp; [<a href=\"https:\/\/ubfheidelberg.org\/Wordpress\/wp-content\/uploads\/2024\/12\/Psalm103_Fragebogen.pdf\">PDF<\/a>]<\/strong> &nbsp;&nbsp;&nbsp;&nbsp;&nbsp;&nbsp;&nbsp;&nbsp; <a href=\"https:\/\/www.schlachterbibel.de\/de\/bibel\/psalm\/103\/1-22?hl=1#hl\"><strong>Bibeltext<\/strong><\/a><\/p>\n<h2 style=\"text-align: center;\">Lobe den HERRN, meine Seele!<\/h2>\n<h3 style=\"text-align: center;\">\u201eLobe den HERRN, meine Seele, und vergiss nicht, was er dir Gutes getan hat.\u201c<\/h3>\n<p style=\"text-align: center;\">(Psalm 103,2)<\/p>\n<p>Vielleicht ist Psalm 103 nach Psalm 23 einer der bekanntesten und beliebtesten Psalmen. Und das mit wirklich gutem Grund, wie wir bei der Betrachtung dieses wirklich grandiosen Texts sicherlich feststellen werden.<\/p>\n<ol>\n<li>Vermutlich habt ihr gerade den Psalm in der Gruppe gelesen. Ich empfehle dringend, diesen Psalm noch mindestens zwei weitere Male in der Gruppe zu lesen. Nehmt euch Zeit daf\u00fcr. Versucht dabei wie bei einem St\u00fcck ganz edler und feinster Schweizer Schokolade, jeden Vers zu genie\u00dfen. Es lohnt sich wirklich.<\/li>\n<li>Jetzt, wo ihr mit dem Inhalt des Psalms vertraut seid, weil ihr ihn langsam und gr\u00fcndlich gelesen habt: Wie w\u00fcrdet ihr diesen Psalm gliedern (das ist vielleicht die schwierigste Frage gleich zu Beginn)?<\/li>\n<li>Ganz offensichtlich ist die prim\u00e4re Aussage des Psalms eine Aufforderung an die Leser (oder Zuh\u00f6rer), dass Gott gelobt werden soll. Wenn du in einem Satz Psalm 103,3-17 zusammenfassen m\u00fcsstest, wof\u00fcr Gott gepriesen werden soll, was w\u00e4re deine Antwort?<br \/>\n(Sind dir die Parallelen zu Psalm 104 aufgefallen? Wof\u00fcr wird Gott in Psalm 104 gepriesen?)<\/li>\n<li>Der Psalm beginnt mit einer Aufforderung zum Lob Gottes (Verse 1 und 2) und er endet mit einer Aufforderung zum Lob Gottes (Verse 20-22). Was f\u00fcr eine Entwicklung kannst du hier sehen?<br \/>\nWas k\u00f6nnte das f\u00fcr dein Gebetsleben und f\u00fcr das Gebetsleben in der Gemeinde bedeuten?<\/li>\n<li>(Das hier ist eher eine Zusatzfrage). Kommt dir Vers 8 irgendwie bekannt vor? Falls ja, in welchem Zusammenhang wird in der Bibel eine \u00e4hnliche Aussage gemacht? Was fehlt in diesem Psalm und kannst du dir vorstellen weshalb?<\/li>\n<\/ol>\n<p>&nbsp;<\/p>\n","protected":false},"excerpt":{"rendered":"<p>Download [ODT]&nbsp; [PDF] &nbsp;&nbsp;&nbsp;&nbsp;&nbsp;&nbsp;&nbsp;&nbsp; Bibeltext Lobe den HERRN, meine Seele! \u201eLobe den HERRN, meine Seele, und vergiss nicht, was er dir Gutes getan hat.\u201c (Psalm 103,2) Vielleicht ist Psalm 103 nach Psalm 23 einer der bekanntesten und beliebtesten Psalmen. Und das mit wirklich gutem Grund, wie wir bei der Betrachtung dieses wirklich grandiosen Texts sicherlich [&hellip;]<\/p>\n","protected":false},"author":14,"featured_media":0,"comment_status":"closed","ping_status":"closed","sticky":false,"template":"","format":"standard","meta":{"ngg_post_thumbnail":0,"footnotes":""},"categories":[3,59,15],"tags":[],"class_list":["post-12884","post","type-post","status-publish","format-standard","hentry","category-fragebogen","category-jahreswechsel","category-psalm"],"_links":{"self":[{"href":"https:\/\/ubfheidelberg.org\/Wordpress\/wp-json\/wp\/v2\/posts\/12884","targetHints":{"allow":["GET"]}}],"collection":[{"href":"https:\/\/ubfheidelberg.org\/Wordpress\/wp-json\/wp\/v2\/posts"}],"about":[{"href":"https:\/\/ubfheidelberg.org\/Wordpress\/wp-json\/wp\/v2\/types\/post"}],"author":[{"embeddable":true,"href":"https:\/\/ubfheidelberg.org\/Wordpress\/wp-json\/wp\/v2\/users\/14"}],"replies":[{"embeddable":true,"href":"https:\/\/ubfheidelberg.org\/Wordpress\/wp-json\/wp\/v2\/comments?post=12884"}],"version-history":[{"count":4,"href":"https:\/\/ubfheidelberg.org\/Wordpress\/wp-json\/wp\/v2\/posts\/12884\/revisions"}],"predecessor-version":[{"id":12890,"href":"https:\/\/ubfheidelberg.org\/Wordpress\/wp-json\/wp\/v2\/posts\/12884\/revisions\/12890"}],"wp:attachment":[{"href":"https:\/\/ubfheidelberg.org\/Wordpress\/wp-json\/wp\/v2\/media?parent=12884"}],"wp:term":[{"taxonomy":"category","embeddable":true,"href":"https:\/\/ubfheidelberg.org\/Wordpress\/wp-json\/wp\/v2\/categories?post=12884"},{"taxonomy":"post_tag","embeddable":true,"href":"https:\/\/ubfheidelberg.org\/Wordpress\/wp-json\/wp\/v2\/tags?post=12884"}],"curies":[{"name":"wp","href":"https:\/\/api.w.org\/{rel}","templated":true}]}}