{"id":12853,"date":"2024-11-17T12:00:30","date_gmt":"2024-11-17T11:00:30","guid":{"rendered":"https:\/\/ubfheidelberg.org\/Wordpress\/?p=12853"},"modified":"2025-12-02T19:12:20","modified_gmt":"2025-12-02T18:12:20","slug":"fragebogen-bergpredigt-matthaeus-724-27","status":"publish","type":"post","link":"https:\/\/ubfheidelberg.org\/Wordpress\/fragebogen-bergpredigt-matthaeus-724-27\/","title":{"rendered":"Fragebogen: Bergpredigt &#8212; Matth\u00e4us 7,24-27"},"content":{"rendered":"<p><strong>Download [<a href=\"https:\/\/ubfheidelberg.org\/Wordpress\/wp-content\/uploads\/2024\/11\/Mt_Bergpredigt_Lektion23.odt\">ODT<\/a>]&nbsp; [<a href=\"https:\/\/ubfheidelberg.org\/Wordpress\/wp-content\/uploads\/2024\/11\/Mt_Bergpredigt_Lektion23.pdf\">PDF<\/a>]<\/strong> &nbsp;&nbsp;&nbsp;&nbsp;&nbsp;&nbsp;&nbsp;&nbsp; <a href=\"https:\/\/www.schlachterbibel.de\/de\/bibel\/matthaeus\/7\/24-27?hl=1#hl\"><strong>Bibeltext<\/strong><\/a><\/p>\n<h2 style=\"text-align: center;\">Wer ist klug?<\/h2>\n<h3 style=\"text-align: center;\">\u201eDarum, wer diese meine Rede h\u00f6rt und tut sie, der gleicht einem klugen Mann, der sein Haus auf Fels baute.\u201c<\/h3>\n<p style=\"text-align: center;\">(Matth\u00e4us 7,24)<\/p>\n<p>Das hier ist tats\u00e4chlich schon die letzte Lektion aus der Bergpredigt. Ja, genau: schon. Eine Frage vorab: Falls du das Bibelstudium der Bergpredigt von Anfang mitgemacht haben solltest, hast du einen Eindruck davon, weshalb viele Theologen diese Bergpredigt als eine der wichtigsten (wenn nicht die wichtigste) Rede ansehen, die jemals gehalten wurde?<\/p>\n<ol>\n<li>Jesus verwendet f\u00fcr seine letzte Aufforderung, sich f\u00fcr das Himmelreich zu entscheiden, wieder ein sehr eing\u00e4ngiges und plausibles Bild. Der kluge Mann (und die kluge Frau!) bauen ihr Haus auf Fels. Das ist gleichbedeutend mit Jesu Worte h\u00f6ren und danach handeln.<br \/>\nWas bedeutet das?<br \/>\n(Anmerkung: Vielleicht ist es hilfreich, noch einmal konkrete Beispiele zu betrachten wie Mt 5,39-42 oder 5,44 oder 6,34 oder 7,1)<\/li>\n<li>Wof\u00fcr k\u00f6nnten der Wolkenbruch, die Wassermassen und die St\u00fcrme stehen? Welche Erfahrungen hast du diesbez\u00fcglich gemacht?<br \/>\nHast du schon einmal Erfahrungen gemacht, wie (d)ein Haus widerstanden hat oder aber vielleicht auch eingest\u00fcrzt ist?<\/li>\n<li>Das heutige Gleichnis ist das letzte in einer Serie von Gleichnissen: der schmale und der breite Weg, W\u00f6lfe in Schafskleidern, gute und schlechte B\u00e4ume. Was haben diese Gleichnisse gemeinsam?<br \/>\nSiehst du unterschiedliche Betonungen und Facetten durch diese Beispiele?<\/li>\n<li>Die Serie \u00fcber die Bergpredigt tr\u00e4gt den Titel \u201eLeben! Aber richtig!\u201c. Als Fazit: Wie sieht das gute \/ gesegnete \/ selige Leben aus aufgrund von dem, was Jesus in dieser Predigt lehrt?<\/li>\n<\/ol>\n","protected":false},"excerpt":{"rendered":"<p>Download [ODT]&nbsp; [PDF] &nbsp;&nbsp;&nbsp;&nbsp;&nbsp;&nbsp;&nbsp;&nbsp; Bibeltext Wer ist klug? \u201eDarum, wer diese meine Rede h\u00f6rt und tut sie, der gleicht einem klugen Mann, der sein Haus auf Fels baute.\u201c (Matth\u00e4us 7,24) Das hier ist tats\u00e4chlich schon die letzte Lektion aus der Bergpredigt. Ja, genau: schon. Eine Frage vorab: Falls du das Bibelstudium der Bergpredigt von Anfang [&hellip;]<\/p>\n","protected":false},"author":14,"featured_media":0,"comment_status":"closed","ping_status":"closed","sticky":false,"template":"","format":"standard","meta":{"ngg_post_thumbnail":0,"footnotes":""},"categories":[62,3,20],"tags":[],"class_list":["post-12853","post","type-post","status-publish","format-standard","hentry","category-bergpredigt","category-fragebogen","category-matthaeus"],"_links":{"self":[{"href":"https:\/\/ubfheidelberg.org\/Wordpress\/wp-json\/wp\/v2\/posts\/12853","targetHints":{"allow":["GET"]}}],"collection":[{"href":"https:\/\/ubfheidelberg.org\/Wordpress\/wp-json\/wp\/v2\/posts"}],"about":[{"href":"https:\/\/ubfheidelberg.org\/Wordpress\/wp-json\/wp\/v2\/types\/post"}],"author":[{"embeddable":true,"href":"https:\/\/ubfheidelberg.org\/Wordpress\/wp-json\/wp\/v2\/users\/14"}],"replies":[{"embeddable":true,"href":"https:\/\/ubfheidelberg.org\/Wordpress\/wp-json\/wp\/v2\/comments?post=12853"}],"version-history":[{"count":1,"href":"https:\/\/ubfheidelberg.org\/Wordpress\/wp-json\/wp\/v2\/posts\/12853\/revisions"}],"predecessor-version":[{"id":12856,"href":"https:\/\/ubfheidelberg.org\/Wordpress\/wp-json\/wp\/v2\/posts\/12853\/revisions\/12856"}],"wp:attachment":[{"href":"https:\/\/ubfheidelberg.org\/Wordpress\/wp-json\/wp\/v2\/media?parent=12853"}],"wp:term":[{"taxonomy":"category","embeddable":true,"href":"https:\/\/ubfheidelberg.org\/Wordpress\/wp-json\/wp\/v2\/categories?post=12853"},{"taxonomy":"post_tag","embeddable":true,"href":"https:\/\/ubfheidelberg.org\/Wordpress\/wp-json\/wp\/v2\/tags?post=12853"}],"curies":[{"name":"wp","href":"https:\/\/api.w.org\/{rel}","templated":true}]}}