{"id":12836,"date":"2024-11-10T12:00:36","date_gmt":"2024-11-10T11:00:36","guid":{"rendered":"https:\/\/ubfheidelberg.org\/Wordpress\/?p=12836"},"modified":"2025-12-02T19:12:20","modified_gmt":"2025-12-02T18:12:20","slug":"fragebogen-bergpredigt-matthaeus-721-23","status":"publish","type":"post","link":"https:\/\/ubfheidelberg.org\/Wordpress\/fragebogen-bergpredigt-matthaeus-721-23\/","title":{"rendered":"Fragebogen: Bergpredigt &#8212; Matth\u00e4us 7,21-23"},"content":{"rendered":"<p><strong>Download [<a href=\"https:\/\/ubfheidelberg.org\/Wordpress\/wp-content\/uploads\/2024\/11\/Mt_Bergpredigt_Lektion22.odt\">ODT<\/a>]&nbsp; [<a href=\"https:\/\/ubfheidelberg.org\/Wordpress\/wp-content\/uploads\/2024\/11\/Mt_Bergpredigt_Lektion22.pdf\">PDF<\/a>]<\/strong> &nbsp;&nbsp;&nbsp;&nbsp;&nbsp;&nbsp;&nbsp;&nbsp; <a href=\"https:\/\/www.schlachterbibel.de\/de\/bibel\/matthaeus\/7\/21-23?hl=1#hl\"><strong>Bibeltext<\/strong><\/a><\/p>\n<h2 style=\"text-align: center;\">Wer kommt ins Himmelreich?<\/h2>\n<h3 style=\"text-align: center;\">\u201eEs werden nicht alle, die zu mir sagen: Herr, Herr!, in das Himmelreich kommen, sondern die den Willen tun meines Vaters im Himmel.\u201c<\/h3>\n<p style=\"text-align: center;\">(Matth\u00e4us 7,21)<\/p>\n<p>Kurze Erinnerung an den Kontext: Jesus hat die wesentlichen inhaltlichen Lehren seiner Predigt abgeschlossen. Ab Vers 13 fordert Jesus seine Zuh\u00f6rer auf, eine Entscheidung zu treffen. So auch im heutigen Text.<\/p>\n<ol>\n<li>Wie baut Vers 21 auf das Argument auf, das Jesus in den Versen 15-20 verwendet hat?<br \/>\nIn Vers 21 spricht Jesus eine sehr ernste Warnung aus: Nicht jeder, der Jesus \u201eHerr!\u201c nennt, kommt ins Himmelreich. Siehst du einen Widerspruch zu dem, was die Bibel an anderen Stellen lehrt (z.&nbsp;B. R\u00f6mer 10,9-11)?<\/li>\n<li>Der entscheidende Unterschied ist das Tun des Willens des Vaters im Himmel. Inwiefern ergibt das Sinn? (Wichtiger Hinweis: Denke dar\u00fcber nach, was das Himmelreich \u00fcberhaupt ist, z. B. anhand von Matth\u00e4us 6,10.)<\/li>\n<li>In Vers 22 ist von eindrucksvollen Taten die Rede. Was haben diese Taten gemeinsam?<br \/>\nW\u00fcrdest du sagen, dass an und f\u00fcr sich das Trachten nach solchen Werken verkehrt ist? Warum bzw. warum nicht?<br \/>\nWoran scheint es aber bei diesen Taten zu mangeln?<br \/>\nWas w\u00fcrdest du sagen, was wesentlich ist in Bezug auf den Willen des Vaters?<\/li>\n<li>Vers 23 ist wirklich tragisch und traurig. Wie deutet das Wort \u201eihr Gesetzlosen\u201c auf das Problem hin?<br \/>\nWas ist hier mit Gesetz gemeint? (Bitte gib hier eine neutestamentlich informierte Antwort. Orientiere dich dazu an Stellen wie Mt 5,17, Mt 5,12, R\u00f6m 13,8-10 u.&nbsp;v.&nbsp;m.)<br \/>\nRhetorische Frage: Werden wir nun also doch durch Werke gerettet? Wie verstehst du diese Verse?<br \/>\nWie k\u00f6nnen wir zu Menschen werden, die den Willen des Vaters im Himmel tun?<\/li>\n<\/ol>\n","protected":false},"excerpt":{"rendered":"<p>Download [ODT]&nbsp; [PDF] &nbsp;&nbsp;&nbsp;&nbsp;&nbsp;&nbsp;&nbsp;&nbsp; Bibeltext Wer kommt ins Himmelreich? \u201eEs werden nicht alle, die zu mir sagen: Herr, Herr!, in das Himmelreich kommen, sondern die den Willen tun meines Vaters im Himmel.\u201c (Matth\u00e4us 7,21) Kurze Erinnerung an den Kontext: Jesus hat die wesentlichen inhaltlichen Lehren seiner Predigt abgeschlossen. Ab Vers 13 fordert Jesus seine Zuh\u00f6rer [&hellip;]<\/p>\n","protected":false},"author":14,"featured_media":0,"comment_status":"closed","ping_status":"closed","sticky":false,"template":"","format":"standard","meta":{"ngg_post_thumbnail":0,"footnotes":""},"categories":[62,3,20],"tags":[],"class_list":["post-12836","post","type-post","status-publish","format-standard","hentry","category-bergpredigt","category-fragebogen","category-matthaeus"],"_links":{"self":[{"href":"https:\/\/ubfheidelberg.org\/Wordpress\/wp-json\/wp\/v2\/posts\/12836","targetHints":{"allow":["GET"]}}],"collection":[{"href":"https:\/\/ubfheidelberg.org\/Wordpress\/wp-json\/wp\/v2\/posts"}],"about":[{"href":"https:\/\/ubfheidelberg.org\/Wordpress\/wp-json\/wp\/v2\/types\/post"}],"author":[{"embeddable":true,"href":"https:\/\/ubfheidelberg.org\/Wordpress\/wp-json\/wp\/v2\/users\/14"}],"replies":[{"embeddable":true,"href":"https:\/\/ubfheidelberg.org\/Wordpress\/wp-json\/wp\/v2\/comments?post=12836"}],"version-history":[{"count":2,"href":"https:\/\/ubfheidelberg.org\/Wordpress\/wp-json\/wp\/v2\/posts\/12836\/revisions"}],"predecessor-version":[{"id":12841,"href":"https:\/\/ubfheidelberg.org\/Wordpress\/wp-json\/wp\/v2\/posts\/12836\/revisions\/12841"}],"wp:attachment":[{"href":"https:\/\/ubfheidelberg.org\/Wordpress\/wp-json\/wp\/v2\/media?parent=12836"}],"wp:term":[{"taxonomy":"category","embeddable":true,"href":"https:\/\/ubfheidelberg.org\/Wordpress\/wp-json\/wp\/v2\/categories?post=12836"},{"taxonomy":"post_tag","embeddable":true,"href":"https:\/\/ubfheidelberg.org\/Wordpress\/wp-json\/wp\/v2\/tags?post=12836"}],"curies":[{"name":"wp","href":"https:\/\/api.w.org\/{rel}","templated":true}]}}