{"id":12673,"date":"2024-09-15T12:00:17","date_gmt":"2024-09-15T10:00:17","guid":{"rendered":"https:\/\/ubfheidelberg.org\/Wordpress\/?p=12673"},"modified":"2025-12-02T19:12:23","modified_gmt":"2025-12-02T18:12:23","slug":"fragebogen-bergpredigt-matthaeus-616-18","status":"publish","type":"post","link":"https:\/\/ubfheidelberg.org\/Wordpress\/fragebogen-bergpredigt-matthaeus-616-18\/","title":{"rendered":"Fragebogen: Bergpredigt &#8212; Matth\u00e4us 6,19-24"},"content":{"rendered":"<p><strong>Download [<a href=\"https:\/\/ubfheidelberg.org\/Wordpress\/wp-content\/uploads\/2024\/09\/Mt_Bergpredigt_Lektion15.odt\">ODT<\/a>]&nbsp; [<a href=\"https:\/\/ubfheidelberg.org\/Wordpress\/wp-content\/uploads\/2024\/09\/Mt_Bergpredigt_Lektion15.pdf\">PDF<\/a>]<\/strong> &nbsp;&nbsp;&nbsp;&nbsp;&nbsp;&nbsp;&nbsp;&nbsp; <a href=\"https:\/\/www.schlachterbibel.de\/de\/bibel\/matthaeus\/6\/19-24?hl=1#hl\"><strong>Bibeltext<\/strong><\/a><\/p>\n<h2 style=\"text-align: center;\">Sch\u00e4tze sammeln.<\/h2>\n<h3 style=\"text-align: center;\">\u201eDenn wo dein Schatz ist, da ist auch dein Herz.\u201c<\/h3>\n<p style=\"text-align: center;\">(Matth\u00e4us 6,21)<\/p>\n<p>In der Bergpredigt beginnt ab Vers 19 wieder ein neuer Diskurs. Dieses Mal geht es um den Zusammenhang zwischen Sch\u00e4tzen und Sorgen. Drei Lektionen sind daf\u00fcr angedacht.<\/p>\n<ol>\n<li>Jesus beginnt mit der Aufforderung, nicht hier auf Erden Sch\u00e4tze zu sammeln. Die Begr\u00fcndung: Motte und Wurm zerst\u00f6ren sie, und Diebe brechen ein und stehlen (Vers 19).<br \/>\nWas genau k\u00f6nnte Jesus mit Sch\u00e4tzen gemeint haben?<br \/>\nKannst du konkrete Beispiele f\u00fcr die Verderblichkeit und Verg\u00e4nglichkeit von Sch\u00e4tzen nennen?<\/li>\n<li>Stattdessen sollen wir Sch\u00e4tze im Himmel sammeln (siehe auch Kol 3,1-4). Was bedeutet das? Und wie k\u00f6nnen wir das tun?<br \/>\n(Zusatzfrage: Bedeutet das, dass alles, was irdisch ist, f\u00fcr Christen tabu ist? Denke in diesem Zusammenhang auch \u00fcber Martin Luthers Zitat nach: \u201eWenn ich w\u00fcsste, dass morgen die Welt unterginge, w\u00fcrde ich heute noch ein Apfelb\u00e4umchen pflanzen.\u201c)<br \/>\nDer Schl\u00fcssel zum Verst\u00e4ndnis von Jesu Abhandlung zum Thema Sch\u00e4tze und Sorgen befindet sich in Vers 21. Welchen Zusammenhang beschreibt Jesus zwischen Sch\u00e4tzen und unseren Herzen?<\/li>\n<li>Jesus sagt, dass das Auge die Leuchte des Leibes ist und dass wenn das Auge gesund ist, der ganze Leib hell ist.<br \/>\nWie verstehst du Jesu Erkl\u00e4rung in den Versen 22 und 23?<\/li>\n<li>Schlie\u00dflich macht uns Jesus darauf aufmerksam, dass wir nicht Gott und dem Mammon dienen k\u00f6nnen.<br \/>\nWof\u00fcr steht der Mammon? (Diese Frage ist aber einfach.)<br \/>\nWarum personifiziert Jesus das Ganze? (Diese Frage ist nicht ganz so einfach.)<\/li>\n<\/ol>\n","protected":false},"excerpt":{"rendered":"<p>Download [ODT]&nbsp; [PDF] &nbsp;&nbsp;&nbsp;&nbsp;&nbsp;&nbsp;&nbsp;&nbsp; Bibeltext Sch\u00e4tze sammeln. \u201eDenn wo dein Schatz ist, da ist auch dein Herz.\u201c (Matth\u00e4us 6,21) In der Bergpredigt beginnt ab Vers 19 wieder ein neuer Diskurs. Dieses Mal geht es um den Zusammenhang zwischen Sch\u00e4tzen und Sorgen. Drei Lektionen sind daf\u00fcr angedacht. Jesus beginnt mit der Aufforderung, nicht hier auf Erden [&hellip;]<\/p>\n","protected":false},"author":14,"featured_media":0,"comment_status":"closed","ping_status":"closed","sticky":false,"template":"","format":"standard","meta":{"ngg_post_thumbnail":0,"footnotes":""},"categories":[62,3,20],"tags":[],"class_list":["post-12673","post","type-post","status-publish","format-standard","hentry","category-bergpredigt","category-fragebogen","category-matthaeus"],"_links":{"self":[{"href":"https:\/\/ubfheidelberg.org\/Wordpress\/wp-json\/wp\/v2\/posts\/12673","targetHints":{"allow":["GET"]}}],"collection":[{"href":"https:\/\/ubfheidelberg.org\/Wordpress\/wp-json\/wp\/v2\/posts"}],"about":[{"href":"https:\/\/ubfheidelberg.org\/Wordpress\/wp-json\/wp\/v2\/types\/post"}],"author":[{"embeddable":true,"href":"https:\/\/ubfheidelberg.org\/Wordpress\/wp-json\/wp\/v2\/users\/14"}],"replies":[{"embeddable":true,"href":"https:\/\/ubfheidelberg.org\/Wordpress\/wp-json\/wp\/v2\/comments?post=12673"}],"version-history":[{"count":3,"href":"https:\/\/ubfheidelberg.org\/Wordpress\/wp-json\/wp\/v2\/posts\/12673\/revisions"}],"predecessor-version":[{"id":12689,"href":"https:\/\/ubfheidelberg.org\/Wordpress\/wp-json\/wp\/v2\/posts\/12673\/revisions\/12689"}],"wp:attachment":[{"href":"https:\/\/ubfheidelberg.org\/Wordpress\/wp-json\/wp\/v2\/media?parent=12673"}],"wp:term":[{"taxonomy":"category","embeddable":true,"href":"https:\/\/ubfheidelberg.org\/Wordpress\/wp-json\/wp\/v2\/categories?post=12673"},{"taxonomy":"post_tag","embeddable":true,"href":"https:\/\/ubfheidelberg.org\/Wordpress\/wp-json\/wp\/v2\/tags?post=12673"}],"curies":[{"name":"wp","href":"https:\/\/api.w.org\/{rel}","templated":true}]}}