{"id":1266,"date":"2010-12-27T15:56:43","date_gmt":"2010-12-27T14:56:43","guid":{"rendered":"http:\/\/ubfheidelberg.org\/?p=1266"},"modified":"2023-01-29T20:57:50","modified_gmt":"2023-01-29T19:57:50","slug":"fragebogen-apostelgeschichte-161-40-sonderlektion-zum-jahreswechsel","status":"publish","type":"post","link":"https:\/\/ubfheidelberg.org\/Wordpress\/fragebogen-apostelgeschichte-161-40-sonderlektion-zum-jahreswechsel\/","title":{"rendered":"Fragebogen: Apostelgeschichte 16,1-40 (Sonderlektion zum Jahreswechsel)"},"content":{"rendered":"<p><strong><a href=\"https:\/\/ubfheidelberg.org\/Wordpress\/wp-content\/uploads\/2010\/12\/F-Apg-16.doc\">Download<\/a><\/strong><\/p>\n<h2 style=\"text-align: center;\">Komm&nbsp; her\u00fcber&nbsp; und&nbsp; hilf&nbsp; uns!<\/h2>\n<h3 style=\"text-align: center;\">\u201eUnd Paulus sah eine Erscheinung bei Nacht: ein Mann aus Mazedonien stand da und bat ihn: Komm her\u00fcber nach Mazedonien und hilf uns!\u201c<\/h3>\n<p style=\"text-align: center;\">(Apg 16,31).<\/p>\n<p>1.&nbsp;&nbsp;&nbsp;&nbsp;&nbsp; Welche Wirksamkeit erlebte Paulus in der Anfangsphase seiner 2. Missionsreise (1-5)?&nbsp; Um welche Beschl\u00fcsse handelt es sich, und welche Bedeutung haben sie f\u00fcr die Gemeinden, die haupts\u00e4chlich aus den Heiden bestanden (Kap 15,11.23-29)?&nbsp; Wo wollte Paulus wirken, und warum konnte er dies nicht (6-8)?<\/p>\n<p>2.&nbsp;&nbsp;&nbsp;&nbsp;&nbsp; Lies die Verse 9 und 10.&nbsp; Erl\u00e4utere die Erscheinung, die Paulus bei Nacht sah?&nbsp; Warum entschied sich Paulus, nach Mazedonien zu gehen?&nbsp; Welche Folge hatte diese Entscheidung sowohl f\u00fcr Paulus als auch f\u00fcr die Weltmission?<\/p>\n<p>3.&nbsp;&nbsp;&nbsp;&nbsp;&nbsp; Lies die Verse 11-15.&nbsp; Was f\u00fcr eine Stadt war Philippi (s. V 21)?&nbsp; Wie \u00f6ffnete Gott dort die T\u00fcr f\u00fcr das Evangelium?&nbsp; Was k\u00f6nnen wir von Lydia lernen?<\/p>\n<p>4.&nbsp;&nbsp;&nbsp;&nbsp;&nbsp; Beschreibe das Ereignis in den Versen 16-22.&nbsp; Was offenbart dieses Ereignis \u00fcber die Bewohner dieser Stadt?<\/p>\n<p>5.&nbsp;&nbsp;&nbsp;&nbsp;&nbsp; Lies die Verse 23-25.&nbsp; Wie wurden Paulus und Silas behandelt?&nbsp; Was offenbarten sie durch ihren Glauben inmitten ihres Leidens im Gef\u00e4ngnis?<\/p>\n<p>6.&nbsp;&nbsp;&nbsp;&nbsp;&nbsp; Wie half Gott Paulus und Silas (26)?&nbsp; Wie verhielt sich der Aufseher des Gef\u00e4ngnisses (27)?&nbsp; Wie half Paulus ihm (28-34)?&nbsp; Was passierte mit Paulus und Silas (35-40)?<\/p>\n","protected":false},"excerpt":{"rendered":"<p>Download Komm&nbsp; her\u00fcber&nbsp; und&nbsp; hilf&nbsp; uns! \u201eUnd Paulus sah eine Erscheinung bei Nacht: ein Mann aus Mazedonien stand da und bat ihn: Komm her\u00fcber nach Mazedonien und hilf uns!\u201c (Apg 16,31). 1.&nbsp;&nbsp;&nbsp;&nbsp;&nbsp; Welche Wirksamkeit erlebte Paulus in der Anfangsphase seiner 2. Missionsreise (1-5)?&nbsp; Um welche Beschl\u00fcsse handelt es sich, und welche Bedeutung haben sie f\u00fcr [&hellip;]<\/p>\n","protected":false},"author":14,"featured_media":0,"comment_status":"open","ping_status":"closed","sticky":false,"template":"","format":"standard","meta":{"ngg_post_thumbnail":0,"footnotes":""},"categories":[14,3,59],"tags":[],"class_list":["post-1266","post","type-post","status-publish","format-standard","hentry","category-apostelgeschichte","category-fragebogen","category-jahreswechsel"],"_links":{"self":[{"href":"https:\/\/ubfheidelberg.org\/Wordpress\/wp-json\/wp\/v2\/posts\/1266","targetHints":{"allow":["GET"]}}],"collection":[{"href":"https:\/\/ubfheidelberg.org\/Wordpress\/wp-json\/wp\/v2\/posts"}],"about":[{"href":"https:\/\/ubfheidelberg.org\/Wordpress\/wp-json\/wp\/v2\/types\/post"}],"author":[{"embeddable":true,"href":"https:\/\/ubfheidelberg.org\/Wordpress\/wp-json\/wp\/v2\/users\/14"}],"replies":[{"embeddable":true,"href":"https:\/\/ubfheidelberg.org\/Wordpress\/wp-json\/wp\/v2\/comments?post=1266"}],"version-history":[{"count":6,"href":"https:\/\/ubfheidelberg.org\/Wordpress\/wp-json\/wp\/v2\/posts\/1266\/revisions"}],"predecessor-version":[{"id":11446,"href":"https:\/\/ubfheidelberg.org\/Wordpress\/wp-json\/wp\/v2\/posts\/1266\/revisions\/11446"}],"wp:attachment":[{"href":"https:\/\/ubfheidelberg.org\/Wordpress\/wp-json\/wp\/v2\/media?parent=1266"}],"wp:term":[{"taxonomy":"category","embeddable":true,"href":"https:\/\/ubfheidelberg.org\/Wordpress\/wp-json\/wp\/v2\/categories?post=1266"},{"taxonomy":"post_tag","embeddable":true,"href":"https:\/\/ubfheidelberg.org\/Wordpress\/wp-json\/wp\/v2\/tags?post=1266"}],"curies":[{"name":"wp","href":"https:\/\/api.w.org\/{rel}","templated":true}]}}