{"id":12638,"date":"2024-08-25T12:00:18","date_gmt":"2024-08-25T10:00:18","guid":{"rendered":"https:\/\/ubfheidelberg.org\/Wordpress\/?p=12638"},"modified":"2025-12-02T19:12:23","modified_gmt":"2025-12-02T18:12:23","slug":"fragebogen-bergpredigt-matthaeus-69-15","status":"publish","type":"post","link":"https:\/\/ubfheidelberg.org\/Wordpress\/fragebogen-bergpredigt-matthaeus-69-15\/","title":{"rendered":"Fragebogen: Bergpredigt &#8212; Matth\u00e4us 6,9-15 (betrachte Vers 9.10)"},"content":{"rendered":"<p><strong>Download [<a href=\"https:\/\/ubfheidelberg.org\/Wordpress\/wp-content\/uploads\/2024\/08\/Mt_Bergpredigt_Lektion12.odt\">ODT<\/a>]&nbsp; [<a href=\"https:\/\/ubfheidelberg.org\/Wordpress\/wp-content\/uploads\/2024\/08\/Mt_Bergpredigt_Lektion12.pdf\">PDF<\/a>]<\/strong> &nbsp;&nbsp;&nbsp;&nbsp;&nbsp;&nbsp;&nbsp;&nbsp; <a href=\"https:\/\/www.schlachterbibel.de\/de\/bibel\/matthaeus\/6\/9-15?hl=1#hl\"><strong>Bibeltext<\/strong><\/a><\/p>\n<h2 style=\"text-align: center;\">Das Gebet, das Jesus uns lehrte<\/h2>\n<h3 style=\"text-align: center;\">\u201eDarum sollt ihr so beten: Unser Vater im Himmel! Dein Name werde geheiligt.\u201c<\/h3>\n<p style=\"text-align: center;\">(Matth\u00e4us 6,9)<\/p>\n<p>&nbsp;<\/p>\n<ol>\n<li>Im Zentrum der Bergpredigt steht das Vaterunser, das Gebet, das Jesus uns lehrte. Wir wollen dieses Gebet in zwei Lektionen studieren. Die heutige Lektion wird auf die ersten zwei Anliegen eingehen.<br \/>\nWas ist der unmittelbare Kontext (Verse 7 und 8) und inwiefern ist das wichtig?<\/li>\n<li>Im Vaterunser hat jedes W\u00f6rtchen Gewicht und Bedeutung, so auch die Anrede. Denke \u00fcber jedes der W\u00f6rter nach: \u201eUnser\u201c, \u201eVater\u201c, \u201eim Himmel\u201c.<br \/>\nWas ist die Bedeutung von \u201edein Name werde geheiligt\u201c? Welche Bedeutung hat es, dass dies das erste \u201eAnliegen\u201c des Vaterunsers ist?<br \/>\nWas bedeutet das dann f\u00fcr unser pers\u00f6nliches Gebetsleben?<\/li>\n<li>Warum will Jesus, dass wir f\u00fcr das Kommen von Gottes Reich beten?<br \/>\n(Zusatzfrage: Siehst du \u201edein Reich komme\u201c und \u201edein Wille geschehe\u201c als ein Anliegen oder zwei Arten und Weisen das gleiche Anliegen auszudr\u00fccken?)<br \/>\nWie wird sich dieses Anliegen eines Tages erf\u00fcllen?<\/li>\n<li>Unter Zuhilfenahme von allem, was du bereits durch die Bergpredigt gelernt hast; denke dar\u00fcber nach, was es konkret bedeuten k\u00f6nnte, wenn Gottes Wille auf Erden geschieht wie im Himmel.<br \/>\nWas k\u00f6nnte das f\u00fcr dein pers\u00f6nliches Leben bedeuten?<br \/>\nWas k\u00f6nnte es f\u00fcr deine Familie bedeuten?<br \/>\nWas k\u00f6nnte es f\u00fcr diese Gemeinde bedeuten?<br \/>\nWas k\u00f6nnte es f\u00fcr diese Stadt und f\u00fcr dieses Land bedeuten?<br \/>\n(Und ja, dies ist eine geistige \u00dcbung, sein Vorstellungsverm\u00f6gen aufgrund von Gottes Wort zu trainieren.)<\/li>\n<\/ol>\n","protected":false},"excerpt":{"rendered":"<p>Download [ODT]&nbsp; [PDF] &nbsp;&nbsp;&nbsp;&nbsp;&nbsp;&nbsp;&nbsp;&nbsp; Bibeltext Das Gebet, das Jesus uns lehrte \u201eDarum sollt ihr so beten: Unser Vater im Himmel! Dein Name werde geheiligt.\u201c (Matth\u00e4us 6,9) &nbsp; Im Zentrum der Bergpredigt steht das Vaterunser, das Gebet, das Jesus uns lehrte. Wir wollen dieses Gebet in zwei Lektionen studieren. Die heutige Lektion wird auf die ersten [&hellip;]<\/p>\n","protected":false},"author":14,"featured_media":0,"comment_status":"closed","ping_status":"closed","sticky":false,"template":"","format":"standard","meta":{"ngg_post_thumbnail":0,"footnotes":""},"categories":[62,3,20],"tags":[],"class_list":["post-12638","post","type-post","status-publish","format-standard","hentry","category-bergpredigt","category-fragebogen","category-matthaeus"],"_links":{"self":[{"href":"https:\/\/ubfheidelberg.org\/Wordpress\/wp-json\/wp\/v2\/posts\/12638","targetHints":{"allow":["GET"]}}],"collection":[{"href":"https:\/\/ubfheidelberg.org\/Wordpress\/wp-json\/wp\/v2\/posts"}],"about":[{"href":"https:\/\/ubfheidelberg.org\/Wordpress\/wp-json\/wp\/v2\/types\/post"}],"author":[{"embeddable":true,"href":"https:\/\/ubfheidelberg.org\/Wordpress\/wp-json\/wp\/v2\/users\/14"}],"replies":[{"embeddable":true,"href":"https:\/\/ubfheidelberg.org\/Wordpress\/wp-json\/wp\/v2\/comments?post=12638"}],"version-history":[{"count":6,"href":"https:\/\/ubfheidelberg.org\/Wordpress\/wp-json\/wp\/v2\/posts\/12638\/revisions"}],"predecessor-version":[{"id":12659,"href":"https:\/\/ubfheidelberg.org\/Wordpress\/wp-json\/wp\/v2\/posts\/12638\/revisions\/12659"}],"wp:attachment":[{"href":"https:\/\/ubfheidelberg.org\/Wordpress\/wp-json\/wp\/v2\/media?parent=12638"}],"wp:term":[{"taxonomy":"category","embeddable":true,"href":"https:\/\/ubfheidelberg.org\/Wordpress\/wp-json\/wp\/v2\/categories?post=12638"},{"taxonomy":"post_tag","embeddable":true,"href":"https:\/\/ubfheidelberg.org\/Wordpress\/wp-json\/wp\/v2\/tags?post=12638"}],"curies":[{"name":"wp","href":"https:\/\/api.w.org\/{rel}","templated":true}]}}