{"id":12626,"date":"2024-08-18T12:00:44","date_gmt":"2024-08-18T10:00:44","guid":{"rendered":"https:\/\/ubfheidelberg.org\/Wordpress\/?p=12626"},"modified":"2025-12-02T19:12:24","modified_gmt":"2025-12-02T18:12:24","slug":"fragebogen-bergpredigt-matthaeus-65-8","status":"publish","type":"post","link":"https:\/\/ubfheidelberg.org\/Wordpress\/fragebogen-bergpredigt-matthaeus-65-8\/","title":{"rendered":"Fragebogen: Bergpredigt &#8212; Matth\u00e4us 6,5-8"},"content":{"rendered":"<p><strong>Download [<a href=\"https:\/\/ubfheidelberg.org\/Wordpress\/wp-content\/uploads\/2024\/08\/Mt_Bergpredigt_Lektion11.odt\">ODT<\/a>]&nbsp; [<a href=\"https:\/\/ubfheidelberg.org\/Wordpress\/wp-content\/uploads\/2024\/08\/Mt_Bergpredigt_Lektion11.pdf\">PDF<\/a>]<\/strong> &nbsp;&nbsp;&nbsp;&nbsp;&nbsp;&nbsp;&nbsp;&nbsp; <a href=\"https:\/\/www.schlachterbibel.de\/de\/bibel\/matthaeus\/6\/5-8?hl=1#hl\"><strong>Bibeltext<\/strong><\/a><\/p>\n<h2 style=\"text-align: center;\">Beten! Aber richtig.<\/h2>\n<h3 style=\"text-align: center;\">\u201eWenn du aber betest, so geh in dein K\u00e4mmerlein und schlie\u00df die T\u00fcr zu und bete zu deinem Vater, der im Verborgenen ist; und dein Vater, der in das Verborgene sieht, wird dir\u2019s vergelten.\u201c<\/h3>\n<p style=\"text-align: center;\">(Matth\u00e4us 6,6)<\/p>\n<ol>\n<li>Das zweite religi\u00f6se Ritual, das einen ganz zentralen Raum in der Bergpredigt einnimmt, ist das Gebet. Drei Lektionen sind f\u00fcr dieses essenziell wichtige Thema angesetzt.<br \/>\nWelche Parallelen zum vorigen Text (Verse 1-4) sehen wir in den Versen 5-6 und auf welches Problem weist das hin? (Das lange Gebet der Heuchler in den Synagogen und an den Stra\u00dfenecken ist f\u00fcr uns vermutlich nicht so relevant. Siehst du andere Bereiche, wie das auf uns zutreffen k\u00f6nnte?)<br \/>\nWas ist mit dem falschen Lohn in Vers 5 gemeint?<\/li>\n<li>Jesus sagt, dass wir zum Gebet in die Kammer gehen und die T\u00fcr schlie\u00dfen sollen (Vers 6). Was bedeutet es, dass Gott im Verborgenen ist?<br \/>\nPers\u00f6nliche Frage f\u00fcr dich zum Reflektieren: welche Bedeutung hat die Kammer in deinem Leben?<\/li>\n<li>In Vers 7 spricht Jesus ein weiteres Problem im Gebet an: plappern wie die Heiden. Was k\u00f6nnte Jesus damit gemeint haben?<br \/>\nKennst du Beispiele aus deinem Leben (oder aus deiner Erfahrung), wie Menschen beim Gebet plappern?<\/li>\n<li>Vers 8 gibt Aufschluss dar\u00fcber, welche Herzenshaltung hinter dem \u201ePlappern\u201c steht. Was mag es also damit auf sich gehabt haben?<br \/>\nZusatzfrage: Wenn Gott wei\u00df, was wir brauchen (und das selbstverst\u00e4ndlich so viel besser als wir), warum sollten wir \u00fcberhaupt beten?<\/li>\n<\/ol>\n<p>&nbsp;<\/p>\n","protected":false},"excerpt":{"rendered":"<p>Download [ODT]&nbsp; [PDF] &nbsp;&nbsp;&nbsp;&nbsp;&nbsp;&nbsp;&nbsp;&nbsp; Bibeltext Beten! Aber richtig. \u201eWenn du aber betest, so geh in dein K\u00e4mmerlein und schlie\u00df die T\u00fcr zu und bete zu deinem Vater, der im Verborgenen ist; und dein Vater, der in das Verborgene sieht, wird dir\u2019s vergelten.\u201c (Matth\u00e4us 6,6) Das zweite religi\u00f6se Ritual, das einen ganz zentralen Raum in der [&hellip;]<\/p>\n","protected":false},"author":14,"featured_media":0,"comment_status":"closed","ping_status":"closed","sticky":false,"template":"","format":"standard","meta":{"ngg_post_thumbnail":0,"footnotes":""},"categories":[62,3,20],"tags":[],"class_list":["post-12626","post","type-post","status-publish","format-standard","hentry","category-bergpredigt","category-fragebogen","category-matthaeus"],"_links":{"self":[{"href":"https:\/\/ubfheidelberg.org\/Wordpress\/wp-json\/wp\/v2\/posts\/12626","targetHints":{"allow":["GET"]}}],"collection":[{"href":"https:\/\/ubfheidelberg.org\/Wordpress\/wp-json\/wp\/v2\/posts"}],"about":[{"href":"https:\/\/ubfheidelberg.org\/Wordpress\/wp-json\/wp\/v2\/types\/post"}],"author":[{"embeddable":true,"href":"https:\/\/ubfheidelberg.org\/Wordpress\/wp-json\/wp\/v2\/users\/14"}],"replies":[{"embeddable":true,"href":"https:\/\/ubfheidelberg.org\/Wordpress\/wp-json\/wp\/v2\/comments?post=12626"}],"version-history":[{"count":4,"href":"https:\/\/ubfheidelberg.org\/Wordpress\/wp-json\/wp\/v2\/posts\/12626\/revisions"}],"predecessor-version":[{"id":12644,"href":"https:\/\/ubfheidelberg.org\/Wordpress\/wp-json\/wp\/v2\/posts\/12626\/revisions\/12644"}],"wp:attachment":[{"href":"https:\/\/ubfheidelberg.org\/Wordpress\/wp-json\/wp\/v2\/media?parent=12626"}],"wp:term":[{"taxonomy":"category","embeddable":true,"href":"https:\/\/ubfheidelberg.org\/Wordpress\/wp-json\/wp\/v2\/categories?post=12626"},{"taxonomy":"post_tag","embeddable":true,"href":"https:\/\/ubfheidelberg.org\/Wordpress\/wp-json\/wp\/v2\/tags?post=12626"}],"curies":[{"name":"wp","href":"https:\/\/api.w.org\/{rel}","templated":true}]}}