{"id":12547,"date":"2024-06-23T12:00:28","date_gmt":"2024-06-23T10:00:28","guid":{"rendered":"https:\/\/ubfheidelberg.org\/Wordpress\/?p=12547"},"modified":"2025-12-02T19:12:26","modified_gmt":"2025-12-02T18:12:26","slug":"fragebogen-bergpredigt-matthaeus-521-26","status":"publish","type":"post","link":"https:\/\/ubfheidelberg.org\/Wordpress\/fragebogen-bergpredigt-matthaeus-521-26\/","title":{"rendered":"Fragebogen: Bergpredigt &#8212; Matth\u00e4us 5,21-26"},"content":{"rendered":"<p><strong>Download [<a href=\"https:\/\/ubfheidelberg.org\/Wordpress\/wp-content\/uploads\/2024\/06\/Mt_Bergpredigt_Lektion05.odt\">ODT<\/a>]&nbsp; [<a href=\"https:\/\/ubfheidelberg.org\/Wordpress\/wp-content\/uploads\/2024\/06\/Mt_Bergpredigt_Lektion05.pdf\">PDF<\/a>]<\/strong> &nbsp;&nbsp;&nbsp;&nbsp;&nbsp;&nbsp;&nbsp;&nbsp; <a href=\"https:\/\/www.schlachterbibel.de\/de\/bibel\/matthaeus\/5\/21-26?hl=1#hl\"><strong>Bibeltext<\/strong><\/a><\/p>\n<h2 style=\"text-align: center;\">Vom Zorn<\/h2>\n<h3 style=\"text-align: center;\">\u201eIch aber sage euch: Wer mit seinem Bruder z\u00fcrnt, der ist des Gerichts schuldig;\u201c<\/h3>\n<p style=\"text-align: center;\">(Matth\u00e4us 5,22a)<\/p>\n<p>Mini-Einleitung zum Verst\u00e4ndnis: In den Versen 17-20 hatten wir gesehen, dass Jesus das Gesetz nicht aufhebt, sondern erf\u00fcllt und er uns aufgrund dessen zu einer besseren Gerechtigkeit auffordert. In den Versen 21-48 tut Jesus das, womit sich bis auf den heutigen Tag unz\u00e4hlige Jurastudenten herumplagen: Fallbeispiele diskutieren.<\/p>\n<ol>\n<li>Die Fallbeispiele beginnen mit \u201eIhr habt geh\u00f6rt \u2026\u201c, dem Jesus ein klares \u201eIch aber sage euch\u201c gegen\u00fcbersetzt. Denke \u00fcber die Autorit\u00e4t Jesu nach, der zu solchen Aussagen befugt ist.<\/li>\n<li>Das Gebot \u201edu sollst nicht t\u00f6ten\u201c ist aus den Zehn Geboten (also sehr \u201ezentral\u201c unter den Gesetzen des AT). Aus der Perspektive des AT betrachtet, welche Art von \u201et\u00f6ten\u201c ist hier gemeint?<br \/>\nJesus scheint dieses Gebot in Vers 22 dramatisch zu versch\u00e4rfen. Was k\u00f6nnen wir aufgrund dieses Verses folgern, worum es eigentlich bei dem Verbot, andere Menschen zu t\u00f6ten, geht? (Falls es nicht offensichtlich genug sein sollte, siehe auch der Titel des Fragebogens.)<\/li>\n<li>Die Verse 23 und 24 sprechen wom\u00f6glich einen wunden Punkt an. Kannst du dich an Momente erinnern, in welchen du \u201egeistlichen Diensten\u201c f\u00e4lschlicherweise eine h\u00f6here Priorit\u00e4t einger\u00e4umt hattest, anstatt dich mit einem Menschen zu vers\u00f6hnen? Was lehrt das \u00fcber den Gottesdienst, der Gott gef\u00e4llt?<\/li>\n<li>Die Verse 25 und 26 sind sehr dramatisch, und die Drohung (das vor den Richter gebracht werden, Gef\u00e4ngnis, Schulden abbezahlen) ist vermutlich erst einmal bildlich zu verstehen. Was zeigen uns diese Verse aber \u00fcber die Wichtigkeit von Frieden mit unseren Mitmenschen (R\u00f6m 12,18)?<br \/>\nWas hat das Ganze mit einem guten und gl\u00fccklichen Leben zu tun?<\/li>\n<\/ol>\n<p>&nbsp;<\/p>\n","protected":false},"excerpt":{"rendered":"<p>Download [ODT]&nbsp; [PDF] &nbsp;&nbsp;&nbsp;&nbsp;&nbsp;&nbsp;&nbsp;&nbsp; Bibeltext Vom Zorn \u201eIch aber sage euch: Wer mit seinem Bruder z\u00fcrnt, der ist des Gerichts schuldig;\u201c (Matth\u00e4us 5,22a) Mini-Einleitung zum Verst\u00e4ndnis: In den Versen 17-20 hatten wir gesehen, dass Jesus das Gesetz nicht aufhebt, sondern erf\u00fcllt und er uns aufgrund dessen zu einer besseren Gerechtigkeit auffordert. In den Versen 21-48 [&hellip;]<\/p>\n","protected":false},"author":14,"featured_media":0,"comment_status":"closed","ping_status":"closed","sticky":false,"template":"","format":"standard","meta":{"ngg_post_thumbnail":0,"footnotes":""},"categories":[62,3,20],"tags":[],"class_list":["post-12547","post","type-post","status-publish","format-standard","hentry","category-bergpredigt","category-fragebogen","category-matthaeus"],"_links":{"self":[{"href":"https:\/\/ubfheidelberg.org\/Wordpress\/wp-json\/wp\/v2\/posts\/12547","targetHints":{"allow":["GET"]}}],"collection":[{"href":"https:\/\/ubfheidelberg.org\/Wordpress\/wp-json\/wp\/v2\/posts"}],"about":[{"href":"https:\/\/ubfheidelberg.org\/Wordpress\/wp-json\/wp\/v2\/types\/post"}],"author":[{"embeddable":true,"href":"https:\/\/ubfheidelberg.org\/Wordpress\/wp-json\/wp\/v2\/users\/14"}],"replies":[{"embeddable":true,"href":"https:\/\/ubfheidelberg.org\/Wordpress\/wp-json\/wp\/v2\/comments?post=12547"}],"version-history":[{"count":1,"href":"https:\/\/ubfheidelberg.org\/Wordpress\/wp-json\/wp\/v2\/posts\/12547\/revisions"}],"predecessor-version":[{"id":12548,"href":"https:\/\/ubfheidelberg.org\/Wordpress\/wp-json\/wp\/v2\/posts\/12547\/revisions\/12548"}],"wp:attachment":[{"href":"https:\/\/ubfheidelberg.org\/Wordpress\/wp-json\/wp\/v2\/media?parent=12547"}],"wp:term":[{"taxonomy":"category","embeddable":true,"href":"https:\/\/ubfheidelberg.org\/Wordpress\/wp-json\/wp\/v2\/categories?post=12547"},{"taxonomy":"post_tag","embeddable":true,"href":"https:\/\/ubfheidelberg.org\/Wordpress\/wp-json\/wp\/v2\/tags?post=12547"}],"curies":[{"name":"wp","href":"https:\/\/api.w.org\/{rel}","templated":true}]}}