{"id":12531,"date":"2024-06-09T12:00:06","date_gmt":"2024-06-09T10:00:06","guid":{"rendered":"https:\/\/ubfheidelberg.org\/Wordpress\/?p=12531"},"modified":"2025-12-02T19:12:27","modified_gmt":"2025-12-02T18:12:27","slug":"fragebogen-bergpredigt-matthaeus-513-16","status":"publish","type":"post","link":"https:\/\/ubfheidelberg.org\/Wordpress\/fragebogen-bergpredigt-matthaeus-513-16\/","title":{"rendered":"Fragebogen: Bergpredigt &#8212; Matth\u00e4us 5,13-16"},"content":{"rendered":"<p><strong>Download [<a href=\"https:\/\/ubfheidelberg.org\/Wordpress\/wp-content\/uploads\/2024\/05\/Mt_Bergpredigt_Lektion03.odt\">ODT<\/a>]&nbsp; [<a href=\"https:\/\/ubfheidelberg.org\/Wordpress\/wp-content\/uploads\/2024\/05\/Mt_Bergpredigt_Lektion03.pdf\">PDF<\/a>]<\/strong> &nbsp;&nbsp;&nbsp;&nbsp;&nbsp;&nbsp;&nbsp;&nbsp; <a href=\"https:\/\/www.schlachterbibel.de\/de\/bibel\/matthaeus\/5\/13-16?hl=1#hl\"><strong>Bibeltext<\/strong><\/a> &nbsp; &nbsp; &nbsp;&nbsp; &nbsp; <a href=\"https:\/\/ubfheidelberg.org\/Wordpress\/wp-content\/uploads\/2024\/05\/Font3.zip\"><strong>Schriftart<\/strong><\/a><\/p>\n<h2 style=\"text-align: center;\">Salz der Erde, Licht der Welt<\/h2>\n<h3 style=\"text-align: center;\">\u201eIhr seid das Licht der Welt. Es kann die Stadt, die auf einem Berge liegt, nicht verborgen sein.\u201c<\/h3>\n<p style=\"text-align: center;\">(Matth\u00e4us 5,14)<\/p>\n<ol>\n<li>Welche Eigenschaften hat Salz? Warum bezeichnet Jesus seine J\u00fcnger als das Salz der Erde? (Wir finden auch im AT Erw\u00e4hnungen von Salz, z. B. 3.Mose 2,13, 2. Chr 13,5; vielleicht nahm Jesus auch auf solche Stellen Bezug.)<br \/>\nDas Wort \u201ewenn das Salz seinen Geschmack verliert\u201c mag uns etwas seltsam erscheinen. Was k\u00f6nnte historisch hinter diesem Bild stehen? Und wichtiger noch: Was bedeutet das m\u00f6glicherweise f\u00fcr uns?<\/li>\n<li>Als N\u00e4chstes sagt Jesus, dass seine J\u00fcnger das Licht der Welt sind. Welches Selbstverst\u00e4ndnis hatten die Juden damals (R\u00f6m 2,17-19)?<br \/>\nDa Jesus das wahre Licht der Welt ist (Jes 42,6 und nat\u00fcrlich Joh 8,12), was bedeutet Vers 14 f\u00fcr die Menschen, die ihm nachfolgen?<br \/>\nWas k\u00f6nnen wir hier \u00fcber Gott und sein K\u00f6nigreich lernen?<\/li>\n<li>Wir wollen nochmals etwas tiefer \u00fcber die Metapher \u201aLicht\u2018 nachdenken. Die Illustration, die Jesus in Vers 15 verwendet, ist so offensichtlich, dass sie nicht viel Erkl\u00e4rung bedarf. Welche praktische Anwendung k\u00f6nnen wir hier mitnehmen?<\/li>\n<li>Vers 16 scheint zu sagen, dass unsere guten Taten gesehen werden sollen. Wie passt das mit Stellen wie z. B. Mt 6,3.4 und Mt 6,5 zusammen? Worum geht es dann hier?<br \/>\nKennst du Beispiele, die das, was Jesus in den Versen 13-16 lehrt, versinnbildlichen?<\/li>\n<\/ol>\n<p>&nbsp;<\/p>\n","protected":false},"excerpt":{"rendered":"<p>Download [ODT]&nbsp; [PDF] &nbsp;&nbsp;&nbsp;&nbsp;&nbsp;&nbsp;&nbsp;&nbsp; Bibeltext &nbsp; &nbsp; &nbsp;&nbsp; &nbsp; Schriftart Salz der Erde, Licht der Welt \u201eIhr seid das Licht der Welt. Es kann die Stadt, die auf einem Berge liegt, nicht verborgen sein.\u201c (Matth\u00e4us 5,14) Welche Eigenschaften hat Salz? Warum bezeichnet Jesus seine J\u00fcnger als das Salz der Erde? (Wir finden auch im AT [&hellip;]<\/p>\n","protected":false},"author":14,"featured_media":0,"comment_status":"closed","ping_status":"closed","sticky":false,"template":"","format":"standard","meta":{"ngg_post_thumbnail":0,"footnotes":""},"categories":[62,3,20],"tags":[],"class_list":["post-12531","post","type-post","status-publish","format-standard","hentry","category-bergpredigt","category-fragebogen","category-matthaeus"],"_links":{"self":[{"href":"https:\/\/ubfheidelberg.org\/Wordpress\/wp-json\/wp\/v2\/posts\/12531","targetHints":{"allow":["GET"]}}],"collection":[{"href":"https:\/\/ubfheidelberg.org\/Wordpress\/wp-json\/wp\/v2\/posts"}],"about":[{"href":"https:\/\/ubfheidelberg.org\/Wordpress\/wp-json\/wp\/v2\/types\/post"}],"author":[{"embeddable":true,"href":"https:\/\/ubfheidelberg.org\/Wordpress\/wp-json\/wp\/v2\/users\/14"}],"replies":[{"embeddable":true,"href":"https:\/\/ubfheidelberg.org\/Wordpress\/wp-json\/wp\/v2\/comments?post=12531"}],"version-history":[{"count":1,"href":"https:\/\/ubfheidelberg.org\/Wordpress\/wp-json\/wp\/v2\/posts\/12531\/revisions"}],"predecessor-version":[{"id":12536,"href":"https:\/\/ubfheidelberg.org\/Wordpress\/wp-json\/wp\/v2\/posts\/12531\/revisions\/12536"}],"wp:attachment":[{"href":"https:\/\/ubfheidelberg.org\/Wordpress\/wp-json\/wp\/v2\/media?parent=12531"}],"wp:term":[{"taxonomy":"category","embeddable":true,"href":"https:\/\/ubfheidelberg.org\/Wordpress\/wp-json\/wp\/v2\/categories?post=12531"},{"taxonomy":"post_tag","embeddable":true,"href":"https:\/\/ubfheidelberg.org\/Wordpress\/wp-json\/wp\/v2\/tags?post=12531"}],"curies":[{"name":"wp","href":"https:\/\/api.w.org\/{rel}","templated":true}]}}