{"id":12517,"date":"2024-06-02T12:00:52","date_gmt":"2024-06-02T10:00:52","guid":{"rendered":"https:\/\/ubfheidelberg.org\/Wordpress\/?p=12517"},"modified":"2025-12-02T19:12:27","modified_gmt":"2025-12-02T18:12:27","slug":"fragebogen-apostelgeschichte-21-21-sonderlektion","status":"publish","type":"post","link":"https:\/\/ubfheidelberg.org\/Wordpress\/fragebogen-apostelgeschichte-21-21-sonderlektion\/","title":{"rendered":"Fragebogen: Apostelgeschichte 2,1-21 &#8212; Sonderlektion"},"content":{"rendered":"<p><strong>Download [<a href=\"https:\/\/ubfheidelberg.org\/Wordpress\/wp-content\/uploads\/2024\/06\/SL2024-Apg-21-21.odt\">ODT<\/a>]&nbsp; [<a href=\"https:\/\/ubfheidelberg.org\/Wordpress\/wp-content\/uploads\/2024\/06\/SL2024-Apg-21-21.pdf\">PDF<\/a>]<\/strong> &nbsp;&nbsp;&nbsp;&nbsp;&nbsp;&nbsp;&nbsp;&nbsp; <a href=\"https:\/\/www.schlachterbibel.de\/de\/bibel\/apostelgeschichte\/2\/1-21?hl=1#hl\"><strong>Bibeltext<\/strong><\/a> &nbsp; &nbsp; &nbsp;<\/p>\n<h2 style=\"text-align: center;\">Eure jungen Menschen sollen Visionen sehen<\/h2>\n<h3 style=\"text-align: center;\">\u201e<span id=\"LU17.ACT.2.17\" class=\"verse relative text-[#62648C] LU17.ACT.2.17 hovered selected\" data-verse-org-id=\"ACT.2.17\">Und es soll geschehen in den letzten Tagen, spricht Gott, da will ich ausgie\u00dfen von meinem Geist auf alles Fleisch; und eure S\u00f6hne und eure T\u00f6chter sollen weissagen, und eure J\u00fcnglinge sollen Gesichte sehen, und eure Alten sollen Tr\u00e4ume haben;<\/span>\u201c<\/h3>\n<p style=\"text-align: center;\">(Apostelgeschichte 2,17)<\/p>\n<ol>\n<li>Was wei\u00dft du \u00fcber den Pfingsttag (1-4)? Wo waren die Gl\u00e4ubigen und was taten sie dort? Was geschah?<\/li>\n<li>Was verdeutlicht dieses Ereignis \u00fcber die Kraft des Heiligen Geistes? Was hatte Jesus den J\u00fcngern zuvor \u00fcber das Kommen des Heiligen Geistes gesagt?<\/li>\n<li>Woher kamen die Menschen, die sich versammelten (5-13)? Warum kamen sie zusammen? Wovon waren sie entsetzt und verwundert? Was geschah mit denen, die vom Heiligen Geist erf\u00fcllt waren? Wie reagierte die Menge darauf?<\/li>\n<li>In welchem Bezug steht dieses Ereignis zum Missionsauftrag Jesu? In welchem Kontrast steht es zu Babel in Genesis 11? Was k\u00f6nnen wir hieraus lernen?<\/li>\n<li>Was taten Petrus und die anderen Apostel (14-15)? Inwiefern waren sie ver\u00e4ndert?<\/li>\n<li>Wie erkl\u00e4rte Petrus das merkw\u00fcrdige Verhalten der Gl\u00e4ubigen (16-21)? Was bedeutet es, dass S\u00f6hne und T\u00f6chter weissagen; dass J\u00fcnglinge Gesichte (Visionen) sehen und Alte Tr\u00e4ume haben? Wie k\u00f6nnen junge Menschen in unserer Zeit Gottes Visionen haben? Welche Vision hast du?<\/li>\n<li>Was prophezeite Petrus? Was versprach er? Was bedeutet es, \u201eden Namen des Herrn anzurufen\u201c?<\/li>\n<\/ol>\n","protected":false},"excerpt":{"rendered":"<p>Download [ODT]&nbsp; [PDF] &nbsp;&nbsp;&nbsp;&nbsp;&nbsp;&nbsp;&nbsp;&nbsp; Bibeltext &nbsp; &nbsp; &nbsp; Eure jungen Menschen sollen Visionen sehen \u201eUnd es soll geschehen in den letzten Tagen, spricht Gott, da will ich ausgie\u00dfen von meinem Geist auf alles Fleisch; und eure S\u00f6hne und eure T\u00f6chter sollen weissagen, und eure J\u00fcnglinge sollen Gesichte sehen, und eure Alten sollen Tr\u00e4ume haben;\u201c (Apostelgeschichte [&hellip;]<\/p>\n","protected":false},"author":14,"featured_media":0,"comment_status":"closed","ping_status":"closed","sticky":false,"template":"","format":"standard","meta":{"ngg_post_thumbnail":0,"footnotes":""},"categories":[14,3,11],"tags":[],"class_list":["post-12517","post","type-post","status-publish","format-standard","hentry","category-apostelgeschichte","category-fragebogen","category-sonderlektion"],"_links":{"self":[{"href":"https:\/\/ubfheidelberg.org\/Wordpress\/wp-json\/wp\/v2\/posts\/12517","targetHints":{"allow":["GET"]}}],"collection":[{"href":"https:\/\/ubfheidelberg.org\/Wordpress\/wp-json\/wp\/v2\/posts"}],"about":[{"href":"https:\/\/ubfheidelberg.org\/Wordpress\/wp-json\/wp\/v2\/types\/post"}],"author":[{"embeddable":true,"href":"https:\/\/ubfheidelberg.org\/Wordpress\/wp-json\/wp\/v2\/users\/14"}],"replies":[{"embeddable":true,"href":"https:\/\/ubfheidelberg.org\/Wordpress\/wp-json\/wp\/v2\/comments?post=12517"}],"version-history":[{"count":4,"href":"https:\/\/ubfheidelberg.org\/Wordpress\/wp-json\/wp\/v2\/posts\/12517\/revisions"}],"predecessor-version":[{"id":12526,"href":"https:\/\/ubfheidelberg.org\/Wordpress\/wp-json\/wp\/v2\/posts\/12517\/revisions\/12526"}],"wp:attachment":[{"href":"https:\/\/ubfheidelberg.org\/Wordpress\/wp-json\/wp\/v2\/media?parent=12517"}],"wp:term":[{"taxonomy":"category","embeddable":true,"href":"https:\/\/ubfheidelberg.org\/Wordpress\/wp-json\/wp\/v2\/categories?post=12517"},{"taxonomy":"post_tag","embeddable":true,"href":"https:\/\/ubfheidelberg.org\/Wordpress\/wp-json\/wp\/v2\/tags?post=12517"}],"curies":[{"name":"wp","href":"https:\/\/api.w.org\/{rel}","templated":true}]}}