{"id":12505,"date":"2024-05-26T12:00:45","date_gmt":"2024-05-26T10:00:45","guid":{"rendered":"https:\/\/ubfheidelberg.org\/Wordpress\/?p=12505"},"modified":"2025-12-02T19:12:27","modified_gmt":"2025-12-02T18:12:27","slug":"fragebogen-bergpredigt-matthaeus-53-12","status":"publish","type":"post","link":"https:\/\/ubfheidelberg.org\/Wordpress\/fragebogen-bergpredigt-matthaeus-53-12\/","title":{"rendered":"Fragebogen: Bergpredigt &#8212; Matth\u00e4us 5,3-12"},"content":{"rendered":"<p><strong>Download [<a href=\"https:\/\/ubfheidelberg.org\/Wordpress\/wp-content\/uploads\/2024\/05\/Mt_Bergpredigt_Lektion02.odt\">ODT<\/a>]&nbsp; [<a href=\"https:\/\/ubfheidelberg.org\/Wordpress\/wp-content\/uploads\/2024\/05\/Mt_Bergpredigt_Lektion02.pdf\">PDF<\/a>]<\/strong> &nbsp;&nbsp;&nbsp;&nbsp;&nbsp;&nbsp;&nbsp;&nbsp; <a href=\"https:\/\/www.schlachterbibel.de\/de\/bibel\/matthaeus\/5\/3-12?hl=1#hl\"><strong>Bibeltext<\/strong><\/a> &nbsp; &nbsp; &nbsp;&nbsp; &nbsp; <a href=\"https:\/\/ubfheidelberg.org\/Wordpress\/wp-content\/uploads\/2024\/05\/Font3.zip\"><strong>Schriftart<\/strong><\/a><\/p>\n<h2 style=\"text-align: center;\">Das gute Leben<\/h2>\n<h3 style=\"text-align: center;\">\u201eSelig sind, die da geistlich arm sind; denn ihrer ist das Himmelreich.\u201c<\/h3>\n<p style=\"text-align: center;\">(Matth\u00e4us 5,3)<\/p>\n<ol>\n<li>Der Fokus in der vergangenen Woche lag stark auf dem Kontext (das Himmelreich, das durch Jesus Christus nahe herbeigekommen ist) und auf dem ersten Wort der Bergpredigt \u201eselig\u201c. Im heutigen Text wollen wir uns Gedanken machen, wer selig ist.<br \/>\nWelche Gruppen von Menschen sind laut Jesus \u201eselig\u201c (wir wollen uns hier erst einmal einen \u00dcberblick verschaffen)?<\/li>\n<li>Vermutlich wurde das gerade eben schon diskutiert: Inwiefern widerspricht es unserer Erfahrung und den Erwartungen unserer Gesellschaft, gerade diese Gruppen von Menschen \u201eselig\u201c zu preisen? Denke kurz \u00fcber jede dieser Gruppen nach und welche Leiden und Schmerzen sie haben.<br \/>\nWorauf will Jesus damit hinaus? (Hinweis: Manche haben das Himmelreich das \u201eauf den Kopf gestellte K\u00f6nigreich\u201c genannt.)<\/li>\n<li>Betrachte noch einmal die Verse 3-12. Welchen Trost bietet Jesus f\u00fcr die Armen, die Trauernden, die Sanftm\u00fctigen, die nach Gerechtigkeit Hungernden, die Barmherzigen, die reinen Herzens sind, die Friedensstifter und die Verfolgten und Geschm\u00e4hten?<\/li>\n<li>Nehmen wir einmal folgende Definition f\u00fcr Weisheit: \u201eein tiefes Verst\u00e4ndnis von der Realit\u00e4t, in welcher wir leben, das dazu f\u00fchrt, dass man kluge und gute Entscheidungen in jeder Situation treffen kann\u201c. Wenn wir uns noch einmal Gedanken \u00fcber die Verse 3-12 machen: Inwiefern offenbaren sie Gottes wunderbare Weisheit?<br \/>\nWas kannst du davon mitnehmen?<\/li>\n<\/ol>\n","protected":false},"excerpt":{"rendered":"<p>Download [ODT]&nbsp; [PDF] &nbsp;&nbsp;&nbsp;&nbsp;&nbsp;&nbsp;&nbsp;&nbsp; Bibeltext &nbsp; &nbsp; &nbsp;&nbsp; &nbsp; Schriftart Das gute Leben \u201eSelig sind, die da geistlich arm sind; denn ihrer ist das Himmelreich.\u201c (Matth\u00e4us 5,3) Der Fokus in der vergangenen Woche lag stark auf dem Kontext (das Himmelreich, das durch Jesus Christus nahe herbeigekommen ist) und auf dem ersten Wort der Bergpredigt \u201eselig\u201c. [&hellip;]<\/p>\n","protected":false},"author":14,"featured_media":0,"comment_status":"closed","ping_status":"closed","sticky":false,"template":"","format":"standard","meta":{"ngg_post_thumbnail":0,"footnotes":""},"categories":[62,3,20],"tags":[],"class_list":["post-12505","post","type-post","status-publish","format-standard","hentry","category-bergpredigt","category-fragebogen","category-matthaeus"],"_links":{"self":[{"href":"https:\/\/ubfheidelberg.org\/Wordpress\/wp-json\/wp\/v2\/posts\/12505","targetHints":{"allow":["GET"]}}],"collection":[{"href":"https:\/\/ubfheidelberg.org\/Wordpress\/wp-json\/wp\/v2\/posts"}],"about":[{"href":"https:\/\/ubfheidelberg.org\/Wordpress\/wp-json\/wp\/v2\/types\/post"}],"author":[{"embeddable":true,"href":"https:\/\/ubfheidelberg.org\/Wordpress\/wp-json\/wp\/v2\/users\/14"}],"replies":[{"embeddable":true,"href":"https:\/\/ubfheidelberg.org\/Wordpress\/wp-json\/wp\/v2\/comments?post=12505"}],"version-history":[{"count":3,"href":"https:\/\/ubfheidelberg.org\/Wordpress\/wp-json\/wp\/v2\/posts\/12505\/revisions"}],"predecessor-version":[{"id":12515,"href":"https:\/\/ubfheidelberg.org\/Wordpress\/wp-json\/wp\/v2\/posts\/12505\/revisions\/12515"}],"wp:attachment":[{"href":"https:\/\/ubfheidelberg.org\/Wordpress\/wp-json\/wp\/v2\/media?parent=12505"}],"wp:term":[{"taxonomy":"category","embeddable":true,"href":"https:\/\/ubfheidelberg.org\/Wordpress\/wp-json\/wp\/v2\/categories?post=12505"},{"taxonomy":"post_tag","embeddable":true,"href":"https:\/\/ubfheidelberg.org\/Wordpress\/wp-json\/wp\/v2\/tags?post=12505"}],"curies":[{"name":"wp","href":"https:\/\/api.w.org\/{rel}","templated":true}]}}