{"id":12491,"date":"2024-05-19T12:00:19","date_gmt":"2024-05-19T10:00:19","guid":{"rendered":"https:\/\/ubfheidelberg.org\/Wordpress\/?p=12491"},"modified":"2025-12-02T19:12:28","modified_gmt":"2025-12-02T18:12:28","slug":"fragebogen-bergpredigt-matthaeus-417-23-53","status":"publish","type":"post","link":"https:\/\/ubfheidelberg.org\/Wordpress\/fragebogen-bergpredigt-matthaeus-417-23-53\/","title":{"rendered":"Fragebogen: Bergpredigt &#8212; Matth\u00e4us 4,17.23-5,3"},"content":{"rendered":"<p><strong>Download [<a href=\"https:\/\/ubfheidelberg.org\/Wordpress\/wp-content\/uploads\/2024\/05\/Mt_Bergpredigt_Lektion01.odt\">ODT<\/a>]&nbsp; [<a href=\"https:\/\/ubfheidelberg.org\/Wordpress\/wp-content\/uploads\/2024\/05\/Mt_Bergpredigt_Lektion01.pdf\">PDF<\/a>]<\/strong> &nbsp;&nbsp;&nbsp;&nbsp;&nbsp;&nbsp;&nbsp;&nbsp; <a href=\"https:\/\/www.schlachterbibel.de\/de\/bibel\/matthaeus\/5\/1-3?hl=1#hl\"><strong>Bibeltext<\/strong><\/a> &nbsp; &nbsp; &nbsp;&nbsp; &nbsp; <a href=\"https:\/\/ubfheidelberg.org\/Wordpress\/wp-content\/uploads\/2024\/05\/Font3.zip\"><strong>Schriftart<\/strong><\/a><\/p>\n<h2 style=\"text-align: center;\">Das gute Leben<\/h2>\n<h3 style=\"text-align: center;\">\u201eSelig sind, die da geistlich arm sind; denn ihrer ist das Himmelreich.\u201c<\/h3>\n<p style=\"text-align: center;\">(Matth\u00e4us 5,3)<\/p>\n<p>Hinweis: vor dem Beginn des Studiums wird dringend empfohlen, die ganze Bergpredigt (Mt 5-7) mindestens einmal in Ruhe durchzulesen.<\/p>\n<ol>\n<li>In Matth\u00e4us-Evangelium sind uns einige lange Reden \u00fcberliefert, um welche herum die Erz\u00e4hlung aufgebaut ist. Kannst du einen kurzen (!!!) \u00dcberblick \u00fcber diese Reden geben (Hinweis: Mt 5,3-7,29; Mt 10,5-11,1; Mt 13,1-53; Mt 18,1-19,2; Mt 24,1-26,5)?<\/li>\n<li>Kein Zweifel: die Bergpredigt ist die bekannteste Predigt. Viele Beschreibungen wurden auf diese wundervolle Predigt angewendet (z.B. \u201edie gr\u00f6\u00dfte Predigt, die jemals gehalten wurde\u201c oder \u201edie Verfassung des Himmelreichs\u201c usw.).<br \/>\nUnter der Annahme, dass du die Kapitel 5-7 in Ruhe gelesen hast, einige offene Fragen:<br \/>\nSiehst du einen roten Faden oder einen Leitgedanken, der die Predigt zusammenh\u00e4lt?<br \/>\nGibt es Stellen, die du als \u201eschwierig\u201c empfindest (z.B. schwierig zu verstehen)?<br \/>\nWas ist es, was du aus diesem Studium mitnehmen willst?<\/li>\n<li>Was ist der Kontext (der erz\u00e4hlerische Teil vorher) von der Rede? Inwiefern ist das absolut essenziell f\u00fcr unser Verst\u00e4ndnis der Bergpredigt (Hinweis: denke dar\u00fcber nach, inwiefern die Bergpredigt gute Nachricht ist).<br \/>\nVers 2 erw\u00e4hnt, dass Jesus seinen Mund \u00f6ffnete und sie lehrte. Was zeigt das \u00fcber die Wichtigkeit der Lehre, die jetzt folgt?<\/li>\n<li>Lies Vers 3. Die Seligpreisungen sind der ber\u00fchmte Anfang. Was kannst du zum Wort \u201eselig\u201c sagen? Was bedeutet es?<br \/>\nWas besagt die Tatsache, dass Jesus seine Ansprache gerade mit diesem Wort beginnt? Inwiefern ist das auch heute (oder besser gerade heute) relevant?<\/li>\n<\/ol>\n<p>&nbsp;<\/p>\n","protected":false},"excerpt":{"rendered":"<p>Download [ODT]&nbsp; [PDF] &nbsp;&nbsp;&nbsp;&nbsp;&nbsp;&nbsp;&nbsp;&nbsp; Bibeltext &nbsp; &nbsp; &nbsp;&nbsp; &nbsp; Schriftart Das gute Leben \u201eSelig sind, die da geistlich arm sind; denn ihrer ist das Himmelreich.\u201c (Matth\u00e4us 5,3) Hinweis: vor dem Beginn des Studiums wird dringend empfohlen, die ganze Bergpredigt (Mt 5-7) mindestens einmal in Ruhe durchzulesen. In Matth\u00e4us-Evangelium sind uns einige lange Reden \u00fcberliefert, um [&hellip;]<\/p>\n","protected":false},"author":14,"featured_media":0,"comment_status":"closed","ping_status":"closed","sticky":false,"template":"","format":"standard","meta":{"ngg_post_thumbnail":0,"footnotes":""},"categories":[62,3,20],"tags":[],"class_list":["post-12491","post","type-post","status-publish","format-standard","hentry","category-bergpredigt","category-fragebogen","category-matthaeus"],"_links":{"self":[{"href":"https:\/\/ubfheidelberg.org\/Wordpress\/wp-json\/wp\/v2\/posts\/12491","targetHints":{"allow":["GET"]}}],"collection":[{"href":"https:\/\/ubfheidelberg.org\/Wordpress\/wp-json\/wp\/v2\/posts"}],"about":[{"href":"https:\/\/ubfheidelberg.org\/Wordpress\/wp-json\/wp\/v2\/types\/post"}],"author":[{"embeddable":true,"href":"https:\/\/ubfheidelberg.org\/Wordpress\/wp-json\/wp\/v2\/users\/14"}],"replies":[{"embeddable":true,"href":"https:\/\/ubfheidelberg.org\/Wordpress\/wp-json\/wp\/v2\/comments?post=12491"}],"version-history":[{"count":4,"href":"https:\/\/ubfheidelberg.org\/Wordpress\/wp-json\/wp\/v2\/posts\/12491\/revisions"}],"predecessor-version":[{"id":12516,"href":"https:\/\/ubfheidelberg.org\/Wordpress\/wp-json\/wp\/v2\/posts\/12491\/revisions\/12516"}],"wp:attachment":[{"href":"https:\/\/ubfheidelberg.org\/Wordpress\/wp-json\/wp\/v2\/media?parent=12491"}],"wp:term":[{"taxonomy":"category","embeddable":true,"href":"https:\/\/ubfheidelberg.org\/Wordpress\/wp-json\/wp\/v2\/categories?post=12491"},{"taxonomy":"post_tag","embeddable":true,"href":"https:\/\/ubfheidelberg.org\/Wordpress\/wp-json\/wp\/v2\/tags?post=12491"}],"curies":[{"name":"wp","href":"https:\/\/api.w.org\/{rel}","templated":true}]}}