{"id":1234,"date":"2010-12-13T00:24:08","date_gmt":"2010-12-12T23:24:08","guid":{"rendered":"http:\/\/ubfheidelberg.org\/?p=1234"},"modified":"2023-01-29T20:57:25","modified_gmt":"2023-01-29T19:57:25","slug":"fragebogen-jesaja-53-sonderlektion-zu-weihnachten-2010","status":"publish","type":"post","link":"https:\/\/ubfheidelberg.org\/Wordpress\/fragebogen-jesaja-53-sonderlektion-zu-weihnachten-2010\/","title":{"rendered":"Fragebogen: Jesaja 53 (Sonderlektion zu Weihnachten 2010)"},"content":{"rendered":"<p><a href=\"https:\/\/ubfheidelberg.org\/Wordpress\/wp-content\/uploads\/2010\/12\/F10-Je53.doc\"><strong>Download<\/strong><\/a><\/p>\n<h2 style=\"text-align: center;\">Aber  der  Herr  warf  unser  aller  S\u00fcnde  auf  ihn<\/h2>\n<h3 style=\"text-align: center;\">\u201c<em><strong>Wir gingen alle in die Irre wie Schafe, ein jeder sah auf seinen Weg.<br \/>\nAber der <\/strong><\/em><em><strong>Herr warf unser aller S\u00fcnde auf ihn.\u201d<\/strong><\/em><\/h3>\n<p style=\"text-align: center;\">Jesaja 53,6<\/p>\n<p><!-- p { margin-bottom: 0.21cm; } --><\/p>\n<ol>\n<li><span style=\"color: #000000;\">Was ist mit \u201ewas uns verk\u00fcndet wurde\u201d gemeint (1a; 52,7)?  Wof\u00fcr steht der Ausdruck \u201eder Arm des <\/span><span style=\"color: #000000;\">Herrn<\/span><span style=\"color: #000000;\">\u201c und bei welchem Ereignis wurde \u201eder Arm des <\/span><span style=\"color: #000000;\">Herrn<\/span><span style=\"color: #000000;\"> offenbart\u201d (1b; 52,10; Joh\u00a03,16a)?  In welcher Hinsicht ist das eine wunderbare Nachricht?  Wie reagierten die Menschen darauf? <\/span><\/li>\n<li>Wie betrachteten die Menschen diesen Knecht (2)?  Wie wurde er von den Menschen behandelt (3; Mk 8,31)?<\/li>\n<li>Warum litt er so sehr (4a)?  F\u00fcr wen hielten ihn die Menschen, die sein Leiden sahen (4b)?  Welche Krankheit und Schmerzen haben wir?<\/li>\n<li>Lies Vers 5.  Worin besteht unsere Missetat und S\u00fcnde?  Was geschah um unsrer Missetat und um unsrer S\u00fcnde willen?  Welche Gnade empfingen wir durch ihn (R\u00f6m 4,25; 1.Petr\u00a02,24)?<\/li>\n<li>Wie wird hier unser Leben beschrieben (6a)?  Warum ist es eine S\u00fcnde, dass jeder nur auf seinen eigenen Weg sieht?  Was tat Gott aber f\u00fcr uns Menschen (6b; 2.Kor 5,21)?<\/li>\n<li>Was tun wir, wenn wir ohne Grund oder zu Unrecht leiden m\u00fcssen?  Weshalb tat er aber trotz seines Leidens seinen Mund nicht auf (7; Joh 1,29)?  Wieso wurde er aus dem Lande der Lebendigen weggerissen (8.9)?<\/li>\n<li>Wessen Wille war es, dass er zerschlagen wurde (10a)?  Was geschah, als er dem Willen Gottes gehorcht hatte (10b)?  Warum wird er die F\u00fclle haben (11)?<\/li>\n<li>Was wird Gott ihm zur Beute geben (12a; Mt 20,28) und weshalb (12b; Phil 2,9-11)?<\/li>\n<\/ol>\n","protected":false},"excerpt":{"rendered":"<p>Download Aber der Herr warf unser aller S\u00fcnde auf ihn \u201cWir gingen alle in die Irre wie Schafe, ein jeder sah auf seinen Weg. Aber der Herr warf unser aller S\u00fcnde auf ihn.\u201d Jesaja 53,6 Was ist mit \u201ewas uns verk\u00fcndet wurde\u201d gemeint (1a; 52,7)? Wof\u00fcr steht der Ausdruck \u201eder Arm des Herrn\u201c und bei [&hellip;]<\/p>\n","protected":false},"author":14,"featured_media":0,"comment_status":"open","ping_status":"closed","sticky":false,"template":"","format":"standard","meta":{"ngg_post_thumbnail":0,"footnotes":""},"categories":[3,17,38],"tags":[],"class_list":["post-1234","post","type-post","status-publish","format-standard","hentry","category-fragebogen","category-jesaja","category-weihnachten"],"_links":{"self":[{"href":"https:\/\/ubfheidelberg.org\/Wordpress\/wp-json\/wp\/v2\/posts\/1234","targetHints":{"allow":["GET"]}}],"collection":[{"href":"https:\/\/ubfheidelberg.org\/Wordpress\/wp-json\/wp\/v2\/posts"}],"about":[{"href":"https:\/\/ubfheidelberg.org\/Wordpress\/wp-json\/wp\/v2\/types\/post"}],"author":[{"embeddable":true,"href":"https:\/\/ubfheidelberg.org\/Wordpress\/wp-json\/wp\/v2\/users\/14"}],"replies":[{"embeddable":true,"href":"https:\/\/ubfheidelberg.org\/Wordpress\/wp-json\/wp\/v2\/comments?post=1234"}],"version-history":[{"count":3,"href":"https:\/\/ubfheidelberg.org\/Wordpress\/wp-json\/wp\/v2\/posts\/1234\/revisions"}],"predecessor-version":[{"id":1253,"href":"https:\/\/ubfheidelberg.org\/Wordpress\/wp-json\/wp\/v2\/posts\/1234\/revisions\/1253"}],"wp:attachment":[{"href":"https:\/\/ubfheidelberg.org\/Wordpress\/wp-json\/wp\/v2\/media?parent=1234"}],"wp:term":[{"taxonomy":"category","embeddable":true,"href":"https:\/\/ubfheidelberg.org\/Wordpress\/wp-json\/wp\/v2\/categories?post=1234"},{"taxonomy":"post_tag","embeddable":true,"href":"https:\/\/ubfheidelberg.org\/Wordpress\/wp-json\/wp\/v2\/tags?post=1234"}],"curies":[{"name":"wp","href":"https:\/\/api.w.org\/{rel}","templated":true}]}}