{"id":12339,"date":"2024-05-12T12:00:27","date_gmt":"2024-05-12T10:00:27","guid":{"rendered":"https:\/\/ubfheidelberg.org\/Wordpress\/?p=12339"},"modified":"2025-12-02T19:12:28","modified_gmt":"2025-12-02T18:12:28","slug":"fragebogen-apostelgeschichte-11-9-pfingsten-2024","status":"publish","type":"post","link":"https:\/\/ubfheidelberg.org\/Wordpress\/fragebogen-apostelgeschichte-11-9-pfingsten-2024\/","title":{"rendered":"Fragebogen: Apostelgeschichte 1,1-9 &#8212; Pfingsten 2024"},"content":{"rendered":"<p><a href=\"https:\/\/ubfheidelberg.org\/Wordpress\/wp-content\/uploads\/2024\/05\/Pfingsten-2024-Apg-01-0109.odt\"><strong>Download<\/strong><\/a> &nbsp;&nbsp;&nbsp;&nbsp;&nbsp;&nbsp;&nbsp;&nbsp;&nbsp; <a href=\"https:\/\/www.schlachterbibel.de\/de\/bibel\/apostelgeschichte\/1\/1-9?hl=1#hl\"><strong>Bibeltext<\/strong><\/a> &nbsp; &nbsp; &nbsp;&nbsp; &nbsp; <a href=\"https:\/\/ubfheidelberg.org\/Wordpress\/wp-content\/uploads\/2024\/05\/fonts2.zip\"><strong>Schriftart<\/strong><\/a><\/p>\n<h2 style=\"text-align: center;\">Ihr werdet die Kraft des Heiligen Geistes empfangen<\/h2>\n<h3 style=\"text-align: center;\">\u201eAber ihr werdet die Kraft des Heiligen Geistes empfangen, der auf euch kommen wird, und werdet meine Zeugen sein in Jerusalem und ganz Jud\u00e4a und Samarien und bis an das Ende der Erde.\u201c<\/h3>\n<p style=\"text-align: center;\">(Apostelgeschichte 1,8)<\/p>\n<ol>\n<li>Wor\u00fcber schrieb Lukas seinen ersten Bericht (1.2)? Wie hatte sich Jesus nach seinem Leiden vierzig Tage lang als lebendig erweisen (3)?<\/li>\n<li>Was ist hier mit der Verhei\u00dfung des Vaters gemeint (4.5)? Warum sollten die Apostel Jerusalem nicht verlassen, bevor sie diese Verhei\u00dfung empfingen?<\/li>\n<li>Welche Frage stellten die J\u00fcnger Jesus (6)? Denk dar\u00fcber nach, warum sie diese Frage stellten. Was bedeutet Jesu Antwort an sie (7)?<\/li>\n<li>Was w\u00fcrden sie vor allem empfangen, wenn der Heilige Geist auf sie kommt (8a)? Was w\u00fcrden sie dann tun (8b)? Denk \u00fcber Jesu Willen nach, den er in diesem Vers ausgedr\u00fcckt hat. Wie wurde dieser Wille nach Pfingsten verwirklicht?<\/li>\n<li>Was passierte mit Jesus, nachdem er das gesagt hatte (9)? Welche Hoffnung muss das in ihnen geweckt haben?<\/li>\n<\/ol>\n","protected":false},"excerpt":{"rendered":"<p>Download &nbsp;&nbsp;&nbsp;&nbsp;&nbsp;&nbsp;&nbsp;&nbsp;&nbsp; Bibeltext &nbsp; &nbsp; &nbsp;&nbsp; &nbsp; Schriftart Ihr werdet die Kraft des Heiligen Geistes empfangen \u201eAber ihr werdet die Kraft des Heiligen Geistes empfangen, der auf euch kommen wird, und werdet meine Zeugen sein in Jerusalem und ganz Jud\u00e4a und Samarien und bis an das Ende der Erde.\u201c (Apostelgeschichte 1,8) Wor\u00fcber schrieb Lukas seinen [&hellip;]<\/p>\n","protected":false},"author":14,"featured_media":0,"comment_status":"closed","ping_status":"closed","sticky":false,"template":"","format":"standard","meta":{"ngg_post_thumbnail":0,"footnotes":""},"categories":[14,3,51],"tags":[],"class_list":["post-12339","post","type-post","status-publish","format-standard","hentry","category-apostelgeschichte","category-fragebogen","category-pfingsten"],"_links":{"self":[{"href":"https:\/\/ubfheidelberg.org\/Wordpress\/wp-json\/wp\/v2\/posts\/12339","targetHints":{"allow":["GET"]}}],"collection":[{"href":"https:\/\/ubfheidelberg.org\/Wordpress\/wp-json\/wp\/v2\/posts"}],"about":[{"href":"https:\/\/ubfheidelberg.org\/Wordpress\/wp-json\/wp\/v2\/types\/post"}],"author":[{"embeddable":true,"href":"https:\/\/ubfheidelberg.org\/Wordpress\/wp-json\/wp\/v2\/users\/14"}],"replies":[{"embeddable":true,"href":"https:\/\/ubfheidelberg.org\/Wordpress\/wp-json\/wp\/v2\/comments?post=12339"}],"version-history":[{"count":1,"href":"https:\/\/ubfheidelberg.org\/Wordpress\/wp-json\/wp\/v2\/posts\/12339\/revisions"}],"predecessor-version":[{"id":12383,"href":"https:\/\/ubfheidelberg.org\/Wordpress\/wp-json\/wp\/v2\/posts\/12339\/revisions\/12383"}],"wp:attachment":[{"href":"https:\/\/ubfheidelberg.org\/Wordpress\/wp-json\/wp\/v2\/media?parent=12339"}],"wp:term":[{"taxonomy":"category","embeddable":true,"href":"https:\/\/ubfheidelberg.org\/Wordpress\/wp-json\/wp\/v2\/categories?post=12339"},{"taxonomy":"post_tag","embeddable":true,"href":"https:\/\/ubfheidelberg.org\/Wordpress\/wp-json\/wp\/v2\/tags?post=12339"}],"curies":[{"name":"wp","href":"https:\/\/api.w.org\/{rel}","templated":true}]}}