{"id":12322,"date":"2024-05-05T12:00:30","date_gmt":"2024-05-05T10:00:30","guid":{"rendered":"https:\/\/ubfheidelberg.org\/Wordpress\/?p=12322"},"modified":"2025-12-02T19:12:29","modified_gmt":"2025-12-02T18:12:29","slug":"fragebogen-apostelgeschichte-281-31","status":"publish","type":"post","link":"https:\/\/ubfheidelberg.org\/Wordpress\/fragebogen-apostelgeschichte-281-31\/","title":{"rendered":"Fragebogen: Apostelgeschichte 28,1-31"},"content":{"rendered":"<p><a href=\"https:\/\/ubfheidelberg.org\/Wordpress\/wp-content\/uploads\/2024\/05\/2023-Apg-L24_28-0131.doc\"><strong>Download<\/strong><\/a> &nbsp;&nbsp;&nbsp;&nbsp;&nbsp;&nbsp;&nbsp;&nbsp;&nbsp; <a href=\"https:\/\/www.schlachterbibel.de\/de\/bibel\/apostelgeschichte\/28\/1-31?hl=1#hl\"><strong>Bibeltext<\/strong><\/a>&nbsp;<\/p>\n<h2 style=\"text-align: center;\">In einer Wohnung in Rom<\/h2>\n<h3 style=\"text-align: center;\">\u201ePaulus aber blieb zwei volle Jahre in seiner eigenen Wohnung und nahm alle auf, die zu ihm kamen, predigte das Reich Gottes und lehrte von dem Herrn Jesus Christus mit allem Freimut ungehindert.\u201c<\/h3>\n<p style=\"text-align: center;\">(Apostelgeschichte 28,30.31)<\/p>\n<ol>\n<li>Wie begr\u00fc\u00dften die Bewohner der Insel Malta Paulus und die anderen Leute vom Schiff (1.2)? Wie reagierten sie, als sie sahen, dass Paulus von einer giftigen Schlange gebissen wurde und nicht starb (3-6)? Wie diente Paulus den Inselbewohnern und wie wurde er daraufhin behandelt (7-10)?<\/li>\n<li>Wie kamen Paulus und seine Gruppe nach drei Monaten nach Rom (11-14)? Wer begr\u00fc\u00dfte Paulus, als er in die N\u00e4he von Rom kam, und wie wurde er ermutigt, als er sie sah (15)?<\/li>\n<li>Wie konnte Paulus in Rom wohnen (16)? Wen lud Paulus ein und was erkl\u00e4rte er ihnen (17-19)? Weshalb, sagte Paulus, war er in Ketten (20)?<\/li>\n<li>Warum wollten die Juden mehr von Paulus h\u00f6ren (21.22)? Was bezeugte er ihnen (23)? Wie reagierten die Juden auf seine Botschaft, und welche Orientierung hatte er (24-28)?<\/li>\n<li>Was tat Paulus w\u00e4hrend seines zweij\u00e4hrigen Aufenthalts in seiner eigenen Wohnung (30.31)? Was lernen wir von Paulus, der das Evangelium mit Freimut lehrte, obwohl er unter Hausarrest war? Was k\u00f6nnen wir durch das Studium der Apostelgeschichte lernen?<\/li>\n<\/ol>\n<p>&nbsp;<\/p>\n","protected":false},"excerpt":{"rendered":"<p>Download &nbsp;&nbsp;&nbsp;&nbsp;&nbsp;&nbsp;&nbsp;&nbsp;&nbsp; Bibeltext&nbsp; In einer Wohnung in Rom \u201ePaulus aber blieb zwei volle Jahre in seiner eigenen Wohnung und nahm alle auf, die zu ihm kamen, predigte das Reich Gottes und lehrte von dem Herrn Jesus Christus mit allem Freimut ungehindert.\u201c (Apostelgeschichte 28,30.31) Wie begr\u00fc\u00dften die Bewohner der Insel Malta Paulus und die anderen Leute [&hellip;]<\/p>\n","protected":false},"author":14,"featured_media":0,"comment_status":"closed","ping_status":"closed","sticky":false,"template":"","format":"standard","meta":{"ngg_post_thumbnail":0,"footnotes":""},"categories":[14,3],"tags":[],"class_list":["post-12322","post","type-post","status-publish","format-standard","hentry","category-apostelgeschichte","category-fragebogen"],"_links":{"self":[{"href":"https:\/\/ubfheidelberg.org\/Wordpress\/wp-json\/wp\/v2\/posts\/12322","targetHints":{"allow":["GET"]}}],"collection":[{"href":"https:\/\/ubfheidelberg.org\/Wordpress\/wp-json\/wp\/v2\/posts"}],"about":[{"href":"https:\/\/ubfheidelberg.org\/Wordpress\/wp-json\/wp\/v2\/types\/post"}],"author":[{"embeddable":true,"href":"https:\/\/ubfheidelberg.org\/Wordpress\/wp-json\/wp\/v2\/users\/14"}],"replies":[{"embeddable":true,"href":"https:\/\/ubfheidelberg.org\/Wordpress\/wp-json\/wp\/v2\/comments?post=12322"}],"version-history":[{"count":2,"href":"https:\/\/ubfheidelberg.org\/Wordpress\/wp-json\/wp\/v2\/posts\/12322\/revisions"}],"predecessor-version":[{"id":12325,"href":"https:\/\/ubfheidelberg.org\/Wordpress\/wp-json\/wp\/v2\/posts\/12322\/revisions\/12325"}],"wp:attachment":[{"href":"https:\/\/ubfheidelberg.org\/Wordpress\/wp-json\/wp\/v2\/media?parent=12322"}],"wp:term":[{"taxonomy":"category","embeddable":true,"href":"https:\/\/ubfheidelberg.org\/Wordpress\/wp-json\/wp\/v2\/categories?post=12322"},{"taxonomy":"post_tag","embeddable":true,"href":"https:\/\/ubfheidelberg.org\/Wordpress\/wp-json\/wp\/v2\/tags?post=12322"}],"curies":[{"name":"wp","href":"https:\/\/api.w.org\/{rel}","templated":true}]}}