{"id":12308,"date":"2024-04-21T12:00:33","date_gmt":"2024-04-21T10:00:33","guid":{"rendered":"https:\/\/ubfheidelberg.org\/Wordpress\/?p=12308"},"modified":"2025-12-02T19:12:30","modified_gmt":"2025-12-02T18:12:30","slug":"fragebogen-apostelgeschichte-251-2632-2","status":"publish","type":"post","link":"https:\/\/ubfheidelberg.org\/Wordpress\/fragebogen-apostelgeschichte-251-2632-2\/","title":{"rendered":"Fragebogen: Apostelgeschichte 25,1-26,32"},"content":{"rendered":"<p><a href=\"https:\/\/ubfheidelberg.org\/Wordpress\/wp-content\/uploads\/2024\/04\/2023-Apg-L22_25-01_26-32.doc\"><strong>Download<\/strong><\/a> &nbsp;&nbsp;&nbsp;&nbsp;&nbsp;&nbsp;&nbsp;&nbsp;&nbsp; <a href=\"https:\/\/www.schlachterbibel.de\/de\/bibel\/apostelgeschichte\/25\/1-27?hl=1#hl\"><strong>Bibeltext<\/strong><\/a>&nbsp;<\/p>\n<h2 style=\"text-align: center;\">Dass sie sich bekehren von der Finsternis zum Licht<\/h2>\n<h3 style=\"text-align: center;\">\u201e&#8230; um ihre Augen aufzutun, dass sie sich bekehren von der Finsternis zum Licht und von der Gewalt des Satans zu Gott. So werden sie Vergebung der S\u00fcnden empfangen und das Erbteil mit denen, die geheiligt sind durch den Glauben an mich.\u201c<\/h3>\n<p style=\"text-align: center;\">(Apostelgeschichte 26,18)<\/p>\n<ol>\n<li>Warum baten die religi\u00f6sen Leiter Festus, Paulus nach Jerusalem zu verlegen (25,1-3)? Warum lie\u00df Festus das nicht zu (4.5)? Warum berief sich Paulus auf den Kaiser (6-12; vgl. 23,11)?<\/li>\n<li>Warum besprach Festus den Fall von Paulus mit dem K\u00f6nig Agrippa (13-22)? Mit welcher Absicht lie\u00df er Paulus vor Agrippa verh\u00f6ren (23-27)?<\/li>\n<li>Was sagte Paulus, warum er verh\u00f6rt wurde (26,1-6)? Was war Gottes Verhei\u00dfung, auf die die zw\u00f6lf St\u00e4mme Israels Tag und Nacht hofften (7)? Was bedauerte Paulus (8)?<\/li>\n<li>Wie begegnete Paulus dem auferstandenen Jesus (9-15)? Welchen Auftrag erhielt er von Jesus (16-18)? Wie f\u00fchrt er den Auftrag aus, den er vom Herrn Jesus erhielt (19-23; vgl. 20,24)?<\/li>\n<li>Warum sagte Festus laut: \u201ePaulus, du bist von Sinnen!\u201c, als er seine Verteidigungsrede h\u00f6rte (24.25)? Wie versuchte Paulus, Agrippa zum Glauben zu verhelfen (26-29)? Was war die Schlussfolgerung derer, die f\u00fcr den Prozess gegen Paulus verantwortlich waren (30-32)?<\/li>\n<\/ol>\n","protected":false},"excerpt":{"rendered":"<p>Download &nbsp;&nbsp;&nbsp;&nbsp;&nbsp;&nbsp;&nbsp;&nbsp;&nbsp; Bibeltext&nbsp; Dass sie sich bekehren von der Finsternis zum Licht \u201e&#8230; um ihre Augen aufzutun, dass sie sich bekehren von der Finsternis zum Licht und von der Gewalt des Satans zu Gott. So werden sie Vergebung der S\u00fcnden empfangen und das Erbteil mit denen, die geheiligt sind durch den Glauben an mich.\u201c (Apostelgeschichte [&hellip;]<\/p>\n","protected":false},"author":14,"featured_media":0,"comment_status":"closed","ping_status":"closed","sticky":false,"template":"","format":"standard","meta":{"ngg_post_thumbnail":0,"footnotes":""},"categories":[14,3],"tags":[],"class_list":["post-12308","post","type-post","status-publish","format-standard","hentry","category-apostelgeschichte","category-fragebogen"],"_links":{"self":[{"href":"https:\/\/ubfheidelberg.org\/Wordpress\/wp-json\/wp\/v2\/posts\/12308","targetHints":{"allow":["GET"]}}],"collection":[{"href":"https:\/\/ubfheidelberg.org\/Wordpress\/wp-json\/wp\/v2\/posts"}],"about":[{"href":"https:\/\/ubfheidelberg.org\/Wordpress\/wp-json\/wp\/v2\/types\/post"}],"author":[{"embeddable":true,"href":"https:\/\/ubfheidelberg.org\/Wordpress\/wp-json\/wp\/v2\/users\/14"}],"replies":[{"embeddable":true,"href":"https:\/\/ubfheidelberg.org\/Wordpress\/wp-json\/wp\/v2\/comments?post=12308"}],"version-history":[{"count":1,"href":"https:\/\/ubfheidelberg.org\/Wordpress\/wp-json\/wp\/v2\/posts\/12308\/revisions"}],"predecessor-version":[{"id":12310,"href":"https:\/\/ubfheidelberg.org\/Wordpress\/wp-json\/wp\/v2\/posts\/12308\/revisions\/12310"}],"wp:attachment":[{"href":"https:\/\/ubfheidelberg.org\/Wordpress\/wp-json\/wp\/v2\/media?parent=12308"}],"wp:term":[{"taxonomy":"category","embeddable":true,"href":"https:\/\/ubfheidelberg.org\/Wordpress\/wp-json\/wp\/v2\/categories?post=12308"},{"taxonomy":"post_tag","embeddable":true,"href":"https:\/\/ubfheidelberg.org\/Wordpress\/wp-json\/wp\/v2\/tags?post=12308"}],"curies":[{"name":"wp","href":"https:\/\/api.w.org\/{rel}","templated":true}]}}