{"id":12290,"date":"2024-04-07T12:00:25","date_gmt":"2024-04-07T10:00:25","guid":{"rendered":"https:\/\/ubfheidelberg.org\/Wordpress\/?p=12290"},"modified":"2025-12-02T19:12:30","modified_gmt":"2025-12-02T18:12:30","slug":"fragebogen-apostelgeschichte-211-2229","status":"publish","type":"post","link":"https:\/\/ubfheidelberg.org\/Wordpress\/fragebogen-apostelgeschichte-211-2229\/","title":{"rendered":"Fragebogen: Apostelgeschichte 21,1-22,29"},"content":{"rendered":"<p><a href=\"https:\/\/ubfheidelberg.org\/Wordpress\/wp-content\/uploads\/2024\/04\/2023-Apg-L20_21-01_22-29.doc\"><strong>Download<\/strong><\/a> &nbsp;&nbsp;&nbsp;&nbsp;&nbsp;&nbsp;&nbsp;&nbsp;&nbsp; <a href=\"https:\/\/www.schlachterbibel.de\/de\/bibel\/apostelgeschichte\/21\/1-40?hl=1#hl\"><strong>Bibeltext<\/strong><\/a>&nbsp;<\/p>\n<h2 style=\"text-align: center;\">Paulus war bereit, f\u00fcr den Herrn zu sterben<\/h2>\n<h3 style=\"text-align: center;\">\u201ePaulus aber antwortete: Was macht ihr, dass ihr weint und brecht mir das Herz? Denn ich bin bereit, nicht allein mich binden zu lassen, sondern auch zu sterben in Jerusalem f\u00fcr den Namen des Herrn Jesus.\u201c<\/h3>\n<p style=\"text-align: center;\">(Apostelgeschichte 21,13)<\/p>\n<ol>\n<li>Warum rieten die J\u00fcnger Paulus, nicht nach Jerusalem hinaufzuziehen, als er und seine Begleiter Tarsus und C\u00e4sarea erreichten (1-12)? Wie entschlossen war Paulus, nach Jerusalem hinaufzuziehen, und warum (13-16; 20,23.24)?<\/li>\n<li>Welches Missverst\u00e4ndnis hatten die j\u00fcdischen Gl\u00e4ubigen \u00fcber Paulus (17-21)? Welche Vorschl\u00e4ge machten die \u00c4ltesten Paulus, um das Problem zu l\u00f6sen, und wie reagierte er darauf (22-26)?<\/li>\n<li>Was sagten die Juden aus der Provinz Asia, um das Volk dazu anzustacheln, Paulus zu ergreifen (27-30)? Wer rettete Paulus, als sie ihn gerade t\u00f6ten wollten (31-36)? Wie bekam Paulus die Gelegenheit, vor dem Volk Jesus Christus zu bezeugen (37-40)?<\/li>\n<li>Was f\u00fcr ein Mensch war Paulus in der Vergangenheit gewesen (22,1-5)? Wie wurde Paulus, ein Verfolger, von seinen S\u00fcnden gereinigt und zu einem Zeugen f\u00fcr Jesus ver\u00e4ndert (6-16)? Wie bezeugte er, dass es Gottes Wille war, dass er das Evangelium zu den Heiden bringt (17-21)?<\/li>\n<li>Warum schrien die Juden und wollten Paulus t\u00f6ten, als sie ihn reden h\u00f6rten (22.23)? Wie machte Paulus von seinem r\u00f6mischen B\u00fcrgerrecht Gebrauch (24-29)? Was lernen wir von Paulus&#8216; mutigem Zeugnis f\u00fcr Jesus trotz der lebensbedrohlichen Lage?<\/li>\n<\/ol>\n","protected":false},"excerpt":{"rendered":"<p>Download &nbsp;&nbsp;&nbsp;&nbsp;&nbsp;&nbsp;&nbsp;&nbsp;&nbsp; Bibeltext&nbsp; Paulus war bereit, f\u00fcr den Herrn zu sterben \u201ePaulus aber antwortete: Was macht ihr, dass ihr weint und brecht mir das Herz? Denn ich bin bereit, nicht allein mich binden zu lassen, sondern auch zu sterben in Jerusalem f\u00fcr den Namen des Herrn Jesus.\u201c (Apostelgeschichte 21,13) Warum rieten die J\u00fcnger Paulus, nicht [&hellip;]<\/p>\n","protected":false},"author":14,"featured_media":0,"comment_status":"closed","ping_status":"closed","sticky":false,"template":"","format":"standard","meta":{"ngg_post_thumbnail":0,"footnotes":""},"categories":[14,3],"tags":[],"class_list":["post-12290","post","type-post","status-publish","format-standard","hentry","category-apostelgeschichte","category-fragebogen"],"_links":{"self":[{"href":"https:\/\/ubfheidelberg.org\/Wordpress\/wp-json\/wp\/v2\/posts\/12290","targetHints":{"allow":["GET"]}}],"collection":[{"href":"https:\/\/ubfheidelberg.org\/Wordpress\/wp-json\/wp\/v2\/posts"}],"about":[{"href":"https:\/\/ubfheidelberg.org\/Wordpress\/wp-json\/wp\/v2\/types\/post"}],"author":[{"embeddable":true,"href":"https:\/\/ubfheidelberg.org\/Wordpress\/wp-json\/wp\/v2\/users\/14"}],"replies":[{"embeddable":true,"href":"https:\/\/ubfheidelberg.org\/Wordpress\/wp-json\/wp\/v2\/comments?post=12290"}],"version-history":[{"count":2,"href":"https:\/\/ubfheidelberg.org\/Wordpress\/wp-json\/wp\/v2\/posts\/12290\/revisions"}],"predecessor-version":[{"id":12297,"href":"https:\/\/ubfheidelberg.org\/Wordpress\/wp-json\/wp\/v2\/posts\/12290\/revisions\/12297"}],"wp:attachment":[{"href":"https:\/\/ubfheidelberg.org\/Wordpress\/wp-json\/wp\/v2\/media?parent=12290"}],"wp:term":[{"taxonomy":"category","embeddable":true,"href":"https:\/\/ubfheidelberg.org\/Wordpress\/wp-json\/wp\/v2\/categories?post=12290"},{"taxonomy":"post_tag","embeddable":true,"href":"https:\/\/ubfheidelberg.org\/Wordpress\/wp-json\/wp\/v2\/tags?post=12290"}],"curies":[{"name":"wp","href":"https:\/\/api.w.org\/{rel}","templated":true}]}}