{"id":12271,"date":"2024-03-17T12:00:27","date_gmt":"2024-03-17T11:00:27","guid":{"rendered":"https:\/\/ubfheidelberg.org\/Wordpress\/?p=12271"},"modified":"2025-12-02T19:12:31","modified_gmt":"2025-12-02T18:12:31","slug":"fragebogen-apostelgeschichte-1823-1940","status":"publish","type":"post","link":"https:\/\/ubfheidelberg.org\/Wordpress\/fragebogen-apostelgeschichte-1823-1940\/","title":{"rendered":"Fragebogen: Apostelgeschichte 18,23-19,40"},"content":{"rendered":"<p><a href=\"https:\/\/ubfheidelberg.org\/Wordpress\/wp-content\/uploads\/2024\/03\/2023-Apg-L18_18-23_19-40.doc\"><strong>Download<\/strong><\/a> &nbsp;&nbsp;&nbsp;&nbsp;&nbsp;&nbsp;&nbsp;&nbsp;&nbsp; <a href=\"https:\/\/www.schlachterbibel.de\/de\/bibel\/apostelgeschichte\/18\/23-28?hl=1#hl\"><strong>Bibeltext<\/strong><\/a>&nbsp;<\/p>\n<h2 style=\"text-align: center;\">Er redete t\u00e4glich in der Schule des Tyrannus<\/h2>\n<h3 style=\"text-align: center;\">\u201eAls aber einige verstockt waren und nicht glaubten und vor der Menge \u00fcbel redeten von dem Weg, trennte er sich von ihnen und sonderte auch die J\u00fcnger ab und redete t\u00e4glich in der Schule des Tyrannus.\u201c<\/h3>\n<p style=\"text-align: center;\">(Apostelgeschichte 19,9)<\/p>\n<ol>\n<li>Wie begann die dritte Missionsreise (23)? Was f\u00fcr ein Mann war Apollos (24.25)? Wie halfen ihm Priszilla und Aquila (26)? Was geschah daraufhin (27.28)?<\/li>\n<li>Welches Problem sah Paulus bei den J\u00fcngern, die er in Ephesus traf (19,1-3)? Wie half er ihnen (4-7)? Denke dar\u00fcber nach, wie wichtig es ist, die Wahrheit des Evange\u00adliums genau zu kennen.<\/li>\n<li>Was tat Paulus, als Juden ihn verleumdeten, w\u00e4hrend er in der Synagoge predigte (8.9)? Was geschah, als er in der Schule des Tyrannus zwei Jahre lang t\u00e4glich lehrte (10)? Welche erstaunlichen Dinge wirkte Gott durch Paulus\u2018 H\u00e4nde (11-12)?<\/li>\n<li>Welche Schande erlitten die sieben S\u00f6hne von Skevas, als sie Paulus nachahmten (13-16)? Was bewirkte das unter den Ephesern (17-20)? Was nahm sich Paulus danach vor (21.22)?<\/li>\n<li>Warum waren die Silberschmiede von Ephesus w\u00fctend auf Paulus (23-28)? Wie aufgew\u00fchlt war die ganze Stadt (29-34)? Wie beruhigte der Kanzler die Menge und l\u00f6ste die Versammlung auf (35-41)?<\/li>\n<\/ol>\n","protected":false},"excerpt":{"rendered":"<p>Download &nbsp;&nbsp;&nbsp;&nbsp;&nbsp;&nbsp;&nbsp;&nbsp;&nbsp; Bibeltext&nbsp; Er redete t\u00e4glich in der Schule des Tyrannus \u201eAls aber einige verstockt waren und nicht glaubten und vor der Menge \u00fcbel redeten von dem Weg, trennte er sich von ihnen und sonderte auch die J\u00fcnger ab und redete t\u00e4glich in der Schule des Tyrannus.\u201c (Apostelgeschichte 19,9) Wie begann die dritte Missionsreise (23)? [&hellip;]<\/p>\n","protected":false},"author":14,"featured_media":0,"comment_status":"closed","ping_status":"closed","sticky":false,"template":"","format":"standard","meta":{"ngg_post_thumbnail":0,"footnotes":""},"categories":[14,3],"tags":[],"class_list":["post-12271","post","type-post","status-publish","format-standard","hentry","category-apostelgeschichte","category-fragebogen"],"_links":{"self":[{"href":"https:\/\/ubfheidelberg.org\/Wordpress\/wp-json\/wp\/v2\/posts\/12271","targetHints":{"allow":["GET"]}}],"collection":[{"href":"https:\/\/ubfheidelberg.org\/Wordpress\/wp-json\/wp\/v2\/posts"}],"about":[{"href":"https:\/\/ubfheidelberg.org\/Wordpress\/wp-json\/wp\/v2\/types\/post"}],"author":[{"embeddable":true,"href":"https:\/\/ubfheidelberg.org\/Wordpress\/wp-json\/wp\/v2\/users\/14"}],"replies":[{"embeddable":true,"href":"https:\/\/ubfheidelberg.org\/Wordpress\/wp-json\/wp\/v2\/comments?post=12271"}],"version-history":[{"count":1,"href":"https:\/\/ubfheidelberg.org\/Wordpress\/wp-json\/wp\/v2\/posts\/12271\/revisions"}],"predecessor-version":[{"id":12276,"href":"https:\/\/ubfheidelberg.org\/Wordpress\/wp-json\/wp\/v2\/posts\/12271\/revisions\/12276"}],"wp:attachment":[{"href":"https:\/\/ubfheidelberg.org\/Wordpress\/wp-json\/wp\/v2\/media?parent=12271"}],"wp:term":[{"taxonomy":"category","embeddable":true,"href":"https:\/\/ubfheidelberg.org\/Wordpress\/wp-json\/wp\/v2\/categories?post=12271"},{"taxonomy":"post_tag","embeddable":true,"href":"https:\/\/ubfheidelberg.org\/Wordpress\/wp-json\/wp\/v2\/tags?post=12271"}],"curies":[{"name":"wp","href":"https:\/\/api.w.org\/{rel}","templated":true}]}}