{"id":12164,"date":"2023-12-31T12:00:57","date_gmt":"2023-12-31T11:00:57","guid":{"rendered":"https:\/\/ubfheidelberg.org\/Wordpress\/?p=12164"},"modified":"2025-12-02T19:12:35","modified_gmt":"2025-12-02T18:12:35","slug":"fragebogen-markus-1112-25-lies-vers-1-25-sonderlektion-neujahr-2024","status":"publish","type":"post","link":"https:\/\/ubfheidelberg.org\/Wordpress\/fragebogen-markus-1112-25-lies-vers-1-25-sonderlektion-neujahr-2024\/","title":{"rendered":"Fragebogen: Markus 11,12-25 (lies Vers 1-25) &#8212; Sonderlektion: Neujahr 2024"},"content":{"rendered":"<p><a href=\"https:\/\/ubfheidelberg.org\/Wordpress\/wp-content\/uploads\/2024\/01\/2024-Neujahr-Mk1120-25.doc\"><strong>Download<\/strong><\/a> &nbsp;&nbsp;&nbsp;&nbsp;&nbsp;&nbsp;&nbsp;&nbsp;&nbsp; <a href=\"https:\/\/www.schlachterbibel.de\/de\/bibel\/markus\/11\/1-26?hl=1#hl\"><strong>Bibeltext<\/strong><\/a><\/p>\n<h2 style=\"text-align: center;\">Habt Glauben an Gott<\/h2>\n<h3 style=\"text-align: center;\">\u201eUnd Jesus antwortete und sprach zu ihnen: Habt Glauben an Gott! \u201c<\/h3>\n<p style=\"text-align: center;\">(Markus 11,22)<\/p>\n<ol>\n<li>Betrachte 11,12-19. Woran erinnerte sich Petrus und weshalb war er v\u00f6llig \u00fcberrascht (20-21)? Inwiefern war der verfluchte Feigenbaum dem Tempel vergleichbar? Was hat dies symbolisiert?<\/li>\n<li>Was sagte Jesus dazu (22)? Was bedeutete \u201eHabt Glauben an Gott\u201c f\u00fcr die J\u00fcnger in ihrem Kontext? Wie m\u00f6gen Jesu Worte ihnen in dieser Zeit geholfen haben? Was bedeutet \u201eHabt Glauben an Gott\u201c jetzt f\u00fcr uns?<\/li>\n<li>Was tut Gott f\u00fcr die, die Glauben an ihn haben (23)? Welche Hindernisse sollen wir \u00fcberwinden, und wie k\u00f6nnen wir das schaffen? Wie sollen wir, gem\u00e4\u00df Jesu Worten, unseren Glauben ausdr\u00fccken (24)? Welche Zuversicht gibt uns das f\u00fcr unser Gebet (1. Joh 5,14-15)?<\/li>\n<li>Was hindert unser Gebet, und was ist die L\u00f6sung daf\u00fcr (25)? Wie ernst ist es, wenn wir etwas gegen jemanden im Herzen haben (Mt 18,21-35)? Wie k\u00f6nnen wir anderen vergeben (Lk 23,34a)? Warum ist es entscheidend, dass wir anderen vergeben, wenn wir Gott gefallen und eine gesunde geistliche Gemeinschaft bilden m\u00f6chten?<\/li>\n<li>Welchen Glauben w\u00fcnscht sich Gott von uns als weltweite Gemeinschaft, als Bezirk sowie als Individuen?<\/li>\n<\/ol>\n","protected":false},"excerpt":{"rendered":"<p>Download &nbsp;&nbsp;&nbsp;&nbsp;&nbsp;&nbsp;&nbsp;&nbsp;&nbsp; Bibeltext Habt Glauben an Gott \u201eUnd Jesus antwortete und sprach zu ihnen: Habt Glauben an Gott! \u201c (Markus 11,22) Betrachte 11,12-19. Woran erinnerte sich Petrus und weshalb war er v\u00f6llig \u00fcberrascht (20-21)? Inwiefern war der verfluchte Feigenbaum dem Tempel vergleichbar? Was hat dies symbolisiert? Was sagte Jesus dazu (22)? Was bedeutete \u201eHabt Glauben [&hellip;]<\/p>\n","protected":false},"author":14,"featured_media":0,"comment_status":"closed","ping_status":"closed","sticky":false,"template":"","format":"standard","meta":{"ngg_post_thumbnail":0,"footnotes":""},"categories":[3,27,40,11],"tags":[],"class_list":["post-12164","post","type-post","status-publish","format-standard","hentry","category-fragebogen","category-markus","category-neujahr","category-sonderlektion"],"_links":{"self":[{"href":"https:\/\/ubfheidelberg.org\/Wordpress\/wp-json\/wp\/v2\/posts\/12164","targetHints":{"allow":["GET"]}}],"collection":[{"href":"https:\/\/ubfheidelberg.org\/Wordpress\/wp-json\/wp\/v2\/posts"}],"about":[{"href":"https:\/\/ubfheidelberg.org\/Wordpress\/wp-json\/wp\/v2\/types\/post"}],"author":[{"embeddable":true,"href":"https:\/\/ubfheidelberg.org\/Wordpress\/wp-json\/wp\/v2\/users\/14"}],"replies":[{"embeddable":true,"href":"https:\/\/ubfheidelberg.org\/Wordpress\/wp-json\/wp\/v2\/comments?post=12164"}],"version-history":[{"count":5,"href":"https:\/\/ubfheidelberg.org\/Wordpress\/wp-json\/wp\/v2\/posts\/12164\/revisions"}],"predecessor-version":[{"id":12178,"href":"https:\/\/ubfheidelberg.org\/Wordpress\/wp-json\/wp\/v2\/posts\/12164\/revisions\/12178"}],"wp:attachment":[{"href":"https:\/\/ubfheidelberg.org\/Wordpress\/wp-json\/wp\/v2\/media?parent=12164"}],"wp:term":[{"taxonomy":"category","embeddable":true,"href":"https:\/\/ubfheidelberg.org\/Wordpress\/wp-json\/wp\/v2\/categories?post=12164"},{"taxonomy":"post_tag","embeddable":true,"href":"https:\/\/ubfheidelberg.org\/Wordpress\/wp-json\/wp\/v2\/tags?post=12164"}],"curies":[{"name":"wp","href":"https:\/\/api.w.org\/{rel}","templated":true}]}}