{"id":12156,"date":"2023-12-17T12:00:34","date_gmt":"2023-12-17T11:00:34","guid":{"rendered":"https:\/\/ubfheidelberg.org\/Wordpress\/?p=12156"},"modified":"2025-12-02T19:12:35","modified_gmt":"2025-12-02T18:12:35","slug":"fragebogen-lukas-21-20-sonderlektion-weihnachten-2023","status":"publish","type":"post","link":"https:\/\/ubfheidelberg.org\/Wordpress\/fragebogen-lukas-21-20-sonderlektion-weihnachten-2023\/","title":{"rendered":"Fragebogen: Lukas 2,1-20 &#8212; Sonderlektion Weihnachten 2023"},"content":{"rendered":"<p><a href=\"https:\/\/ubfheidelberg.org\/Wordpress\/wp-content\/uploads\/2023\/12\/2022-Lukas-L.-0d_2-0120.doc\"><strong>Download<\/strong><\/a> &nbsp;&nbsp;&nbsp;&nbsp;&nbsp;&nbsp;&nbsp;&nbsp;&nbsp; <a href=\"https:\/\/www.schlachterbibel.de\/de\/bibel\/lukas\/2\/1-20?hl=1#hl\"><strong>Bibeltext<\/strong><\/a><\/p>\n<h2 style=\"text-align: center;\">Euch ist heute der Heiland geboren<\/h2>\n<h3 style=\"text-align: center;\">\u201eDenn euch ist heute der Heiland geboren, welcher ist Christus, der Herr, in der Stadt Davids.\u201c<\/h3>\n<p style=\"text-align: center;\">(Lukas 2,11)<\/p>\n<ol>\n<li>Was war der zeitliche Hintergrund (1.2)? Warum mussten Josef und Maria nach Bethlehem gehen (3-5)? Welcher Wille Gottes stand dahinter, und was f\u00fcr ein Gott ist Gott, der den Kaiser daf\u00fcr den Befehl zur Volksz\u00e4hlung geben lie\u00df (Micha 5,2)?<\/li>\n<li>Wo hat Maria ihren ersten Sohn hingelegt (6.7a)? Warum (7b)? Was sagt uns die Tatsache, dass Jesus in eine Krippe gelegt wurde?<\/li>\n<li>Wer hat als erster von Jesu Geburt erfahren (8.9)? Welche Botschaft verk\u00fcndigte der Engel den Hirten (10.11)? Warum ist die Nachricht von dem Heiland, der f\u00fcr uns geboren ist, eine gro\u00dfe Freude?<\/li>\n<li>Was war das Zeichen f\u00fcr den Heiland (12)? Was zeigt es dar\u00fcber, was f\u00fcr ein Heiland er ist? Inwiefern bedeutet die Geburt des Heilands Ehre f\u00fcr Gott und Frieden unter den Menschen (13.14)?<\/li>\n<li>Was taten die Hirten, als die Engel aufgefahren waren (15-17)? Wie gro\u00df war ihre Freude, als sie Jesus, den Erl\u00f6ser, sahen (18-20)? Denk \u00fcber die Freude nach, die die Geburt Jesu den Menschen bringt (vgl. Lukas 2,28-32; 36-38).<\/li>\n<\/ol>\n<p>&nbsp;<\/p>\n","protected":false},"excerpt":{"rendered":"<p>Download &nbsp;&nbsp;&nbsp;&nbsp;&nbsp;&nbsp;&nbsp;&nbsp;&nbsp; Bibeltext Euch ist heute der Heiland geboren \u201eDenn euch ist heute der Heiland geboren, welcher ist Christus, der Herr, in der Stadt Davids.\u201c (Lukas 2,11) Was war der zeitliche Hintergrund (1.2)? Warum mussten Josef und Maria nach Bethlehem gehen (3-5)? Welcher Wille Gottes stand dahinter, und was f\u00fcr ein Gott ist Gott, der [&hellip;]<\/p>\n","protected":false},"author":14,"featured_media":0,"comment_status":"closed","ping_status":"closed","sticky":false,"template":"","format":"standard","meta":{"ngg_post_thumbnail":0,"footnotes":""},"categories":[3,13,11,38],"tags":[],"class_list":["post-12156","post","type-post","status-publish","format-standard","hentry","category-fragebogen","category-lukas","category-sonderlektion","category-weihnachten"],"_links":{"self":[{"href":"https:\/\/ubfheidelberg.org\/Wordpress\/wp-json\/wp\/v2\/posts\/12156","targetHints":{"allow":["GET"]}}],"collection":[{"href":"https:\/\/ubfheidelberg.org\/Wordpress\/wp-json\/wp\/v2\/posts"}],"about":[{"href":"https:\/\/ubfheidelberg.org\/Wordpress\/wp-json\/wp\/v2\/types\/post"}],"author":[{"embeddable":true,"href":"https:\/\/ubfheidelberg.org\/Wordpress\/wp-json\/wp\/v2\/users\/14"}],"replies":[{"embeddable":true,"href":"https:\/\/ubfheidelberg.org\/Wordpress\/wp-json\/wp\/v2\/comments?post=12156"}],"version-history":[{"count":2,"href":"https:\/\/ubfheidelberg.org\/Wordpress\/wp-json\/wp\/v2\/posts\/12156\/revisions"}],"predecessor-version":[{"id":12159,"href":"https:\/\/ubfheidelberg.org\/Wordpress\/wp-json\/wp\/v2\/posts\/12156\/revisions\/12159"}],"wp:attachment":[{"href":"https:\/\/ubfheidelberg.org\/Wordpress\/wp-json\/wp\/v2\/media?parent=12156"}],"wp:term":[{"taxonomy":"category","embeddable":true,"href":"https:\/\/ubfheidelberg.org\/Wordpress\/wp-json\/wp\/v2\/categories?post=12156"},{"taxonomy":"post_tag","embeddable":true,"href":"https:\/\/ubfheidelberg.org\/Wordpress\/wp-json\/wp\/v2\/tags?post=12156"}],"curies":[{"name":"wp","href":"https:\/\/api.w.org\/{rel}","templated":true}]}}