{"id":12069,"date":"2023-11-26T12:00:46","date_gmt":"2023-11-26T11:00:46","guid":{"rendered":"https:\/\/ubfheidelberg.org\/Wordpress\/?p=12069"},"modified":"2025-12-02T19:12:36","modified_gmt":"2025-12-02T18:12:36","slug":"fragebogen-lukas-11-25-sonderlektion-weihnachten-2023","status":"publish","type":"post","link":"https:\/\/ubfheidelberg.org\/Wordpress\/fragebogen-lukas-11-25-sonderlektion-weihnachten-2023\/","title":{"rendered":"Fragebogen: Lukas 1,1-25 &#8212; Sonderlektion Weihnachten 2023"},"content":{"rendered":"<p><a href=\"https:\/\/ubfheidelberg.org\/Wordpress\/wp-content\/uploads\/2023\/11\/2023-Lukas-L.-0a_1-0125.doc\"><strong>Download<\/strong><\/a> &nbsp;&nbsp;&nbsp;&nbsp;<\/p>\n<h2 style=\"text-align: center;\">Zacharias und Elisabeth<\/h2>\n<h3 style=\"text-align: center;\">\u201eAber der Engel sprach zu ihm: F\u00fcrchte dich nicht, Zacharias, denn dein Gebet ist erh\u00f6rt, und deine Frau Elisabeth wird dir einen Sohn geb\u00e4ren, dem sollst du den Namen Johannes geben.\u201c<\/h3>\n<p style=\"text-align: center;\">(Lukas 1,13)<\/p>\n<ol>\n<li>Wor\u00fcber hat der Autor beim Verfassen des Lukasevangeliums berichtet (1-3)? Was war seine Absicht (4)?<\/li>\n<li>In welcher Zeit lebten Zacharias und Elisabeth (5)? Was f\u00fcr ein Leben haben sie in dieser Zeit gef\u00fchrt (6)? Welches ungel\u00f6ste Lebensproblem hatten sie (7)?<\/li>\n<li>Welche Gnade wurde dem Priester Zacharias zuteil (8-10)? Was f\u00fcr eine gute Nachricht \u00fcberbrachte der Engel Zacharias, als er das R\u00e4ucheropfer darbrachte (11-13)? Denke \u00fcber sein jahrzehntelanges Gebetsleben nach und \u00fcber Gott, der sein Gebet erh\u00f6rt hat.<\/li>\n<li>Warum war die Geburt von Johannes f\u00fcr viele Menschen eine Freude (14-16)? Inwiefern war er wirklich gro\u00df (15.16)? Was war Johannes\u2018 Mission und wie erf\u00fcllte er sie (17)?<\/li>\n<li>Warum glaubte Zacharias nicht, nachdem er diese gute Nachricht geh\u00f6rt hatte (18)? Welche Erziehungsma\u00dfnahme erhielt er deswegen (19-23)? Was war das Ziel dieser Ma\u00dfnahme?<\/li>\n<li>Was passierte danach mit Elisabeth (24)? Was wurde ihr dabei klar (25)? Denke \u00fcber Gott nach, der von den Gerechten die Schmach wegnimmt.<\/li>\n<\/ol>\n","protected":false},"excerpt":{"rendered":"<p>Download &nbsp;&nbsp;&nbsp;&nbsp; Zacharias und Elisabeth \u201eAber der Engel sprach zu ihm: F\u00fcrchte dich nicht, Zacharias, denn dein Gebet ist erh\u00f6rt, und deine Frau Elisabeth wird dir einen Sohn geb\u00e4ren, dem sollst du den Namen Johannes geben.\u201c (Lukas 1,13) Wor\u00fcber hat der Autor beim Verfassen des Lukasevangeliums berichtet (1-3)? Was war seine Absicht (4)? In welcher [&hellip;]<\/p>\n","protected":false},"author":14,"featured_media":0,"comment_status":"closed","ping_status":"closed","sticky":false,"template":"","format":"standard","meta":{"ngg_post_thumbnail":0,"footnotes":""},"categories":[3,13,11,38],"tags":[],"class_list":["post-12069","post","type-post","status-publish","format-standard","hentry","category-fragebogen","category-lukas","category-sonderlektion","category-weihnachten"],"_links":{"self":[{"href":"https:\/\/ubfheidelberg.org\/Wordpress\/wp-json\/wp\/v2\/posts\/12069","targetHints":{"allow":["GET"]}}],"collection":[{"href":"https:\/\/ubfheidelberg.org\/Wordpress\/wp-json\/wp\/v2\/posts"}],"about":[{"href":"https:\/\/ubfheidelberg.org\/Wordpress\/wp-json\/wp\/v2\/types\/post"}],"author":[{"embeddable":true,"href":"https:\/\/ubfheidelberg.org\/Wordpress\/wp-json\/wp\/v2\/users\/14"}],"replies":[{"embeddable":true,"href":"https:\/\/ubfheidelberg.org\/Wordpress\/wp-json\/wp\/v2\/comments?post=12069"}],"version-history":[{"count":2,"href":"https:\/\/ubfheidelberg.org\/Wordpress\/wp-json\/wp\/v2\/posts\/12069\/revisions"}],"predecessor-version":[{"id":12090,"href":"https:\/\/ubfheidelberg.org\/Wordpress\/wp-json\/wp\/v2\/posts\/12069\/revisions\/12090"}],"wp:attachment":[{"href":"https:\/\/ubfheidelberg.org\/Wordpress\/wp-json\/wp\/v2\/media?parent=12069"}],"wp:term":[{"taxonomy":"category","embeddable":true,"href":"https:\/\/ubfheidelberg.org\/Wordpress\/wp-json\/wp\/v2\/categories?post=12069"},{"taxonomy":"post_tag","embeddable":true,"href":"https:\/\/ubfheidelberg.org\/Wordpress\/wp-json\/wp\/v2\/tags?post=12069"}],"curies":[{"name":"wp","href":"https:\/\/api.w.org\/{rel}","templated":true}]}}